{"id":11168,"date":"2025-10-24T10:26:12","date_gmt":"2025-10-24T08:26:12","guid":{"rendered":"https:\/\/przedszkole182-krakow.edu.pl\/?p=11168"},"modified":"2025-10-24T10:26:12","modified_gmt":"2025-10-24T08:26:12","slug":"zdrowe-sniadanie-w-gr-3","status":"publish","type":"post","link":"https:\/\/przedszkole182-krakow.edu.pl\/?p=11168","title":{"rendered":"Zdrowe \u015bniadanie w Gr 3"},"content":{"rendered":"\n<p>Zdrowe, pe\u0142ne witamin i kolor\u00f3w \u015bniadanie w Gr 3 sprawi\u0142o wiele rado\u015bci dzieciom. Rodzice wraz z Nauczycielami kszta\u0142tuj\u0105 nawyki zdrowego \u017cywienia od najm\u0142odszych lat. Dzi\u0119kujemy Rodzicom za zaanga\u017cowanie oraz pe\u0142ne \u015bniadaniowki!!! Najwi\u0119ksz\u0105 popularno\u015bci\u0105 cieszy\u0142y si\u0119 racuchy mamy Lili!<\/p>\n\n\n\n<figure class=\"wp-block-gallery has-nested-images columns-default is-cropped wp-block-gallery-1 is-layout-flex wp-block-gallery-is-layout-flex\">\n<figure class=\"wp-block-image size-large\"><img loading=\"lazy\" decoding=\"async\" width=\"771\" height=\"1024\" data-id=\"11173\" src=\"https:\/\/przedszkole182-krakow.edu.pl\/wp-content\/uploads\/2025\/10\/inbound4633351971898862917-771x1024.jpg\" alt=\"\" class=\"wp-image-11173\" srcset=\"https:\/\/przedszkole182-krakow.edu.pl\/wp-content\/uploads\/2025\/10\/inbound4633351971898862917-771x1024.jpg 771w, https:\/\/przedszkole182-krakow.edu.pl\/wp-content\/uploads\/2025\/10\/inbound4633351971898862917-226x300.jpg 226w, https:\/\/przedszkole182-krakow.edu.pl\/wp-content\/uploads\/2025\/10\/inbound4633351971898862917-768x1020.jpg 768w, https:\/\/przedszkole182-krakow.edu.pl\/wp-content\/uploads\/2025\/10\/inbound4633351971898862917-1157x1536.jpg 1157w, https:\/\/przedszkole182-krakow.edu.pl\/wp-content\/uploads\/2025\/10\/inbound4633351971898862917-1542x2048.jpg 1542w, https:\/\/przedszkole182-krakow.edu.pl\/wp-content\/uploads\/2025\/10\/inbound4633351971898862917-scaled.jpg 1928w\" sizes=\"auto, (max-width: 771px) 100vw, 771px\" \/><\/figure>\n\n\n\n<figure class=\"wp-block-image size-large\"><img loading=\"lazy\" decoding=\"async\" width=\"1024\" height=\"771\" data-id=\"11175\" src=\"https:\/\/przedszkole182-krakow.edu.pl\/wp-content\/uploads\/2025\/10\/inbound8801417984435831602-1024x771.jpg\" alt=\"\" class=\"wp-image-11175\" srcset=\"https:\/\/przedszkole182-krakow.edu.pl\/wp-content\/uploads\/2025\/10\/inbound8801417984435831602-1024x771.jpg 1024w, https:\/\/przedszkole182-krakow.edu.pl\/wp-content\/uploads\/2025\/10\/inbound8801417984435831602-300x226.jpg 300w, https:\/\/przedszkole182-krakow.edu.pl\/wp-content\/uploads\/2025\/10\/inbound8801417984435831602-768x578.jpg 768w, https:\/\/przedszkole182-krakow.edu.pl\/wp-content\/uploads\/2025\/10\/inbound8801417984435831602-1536x1157.jpg 1536w, https:\/\/przedszkole182-krakow.edu.pl\/wp-content\/uploads\/2025\/10\/inbound8801417984435831602-2048x1542.jpg 2048w\" sizes=\"auto, (max-width: 1024px) 100vw, 1024px\" \/><\/figure>\n\n\n\n<figure class=\"wp-block-image size-large\"><img loading=\"lazy\" decoding=\"async\" width=\"771\" height=\"1024\" data-id=\"11171\" src=\"https:\/\/przedszkole182-krakow.edu.pl\/wp-content\/uploads\/2025\/10\/inbound6143924704943374219-771x1024.jpg\" alt=\"\" class=\"wp-image-11171\" srcset=\"https:\/\/przedszkole182-krakow.edu.pl\/wp-content\/uploads\/2025\/10\/inbound6143924704943374219-771x1024.jpg 771w, https:\/\/przedszkole182-krakow.edu.pl\/wp-content\/uploads\/2025\/10\/inbound6143924704943374219-226x300.jpg 226w, https:\/\/przedszkole182-krakow.edu.pl\/wp-content\/uploads\/2025\/10\/inbound6143924704943374219-768x1020.jpg 768w, https:\/\/przedszkole182-krakow.edu.pl\/wp-content\/uploads\/2025\/10\/inbound6143924704943374219-1157x1536.jpg 1157w, https:\/\/przedszkole182-krakow.edu.pl\/wp-content\/uploads\/2025\/10\/inbound6143924704943374219-1542x2048.jpg 1542w, https:\/\/przedszkole182-krakow.edu.pl\/wp-content\/uploads\/2025\/10\/inbound6143924704943374219-scaled.jpg 1928w\" sizes=\"auto, (max-width: 771px) 100vw, 771px\" \/><\/figure>\n\n\n\n<figure class=\"wp-block-image size-large\"><img loading=\"lazy\" decoding=\"async\" width=\"771\" height=\"1024\" data-id=\"11169\" src=\"https:\/\/przedszkole182-krakow.edu.pl\/wp-content\/uploads\/2025\/10\/inbound1355842140585954425-771x1024.jpg\" alt=\"\" class=\"wp-image-11169\" srcset=\"https:\/\/przedszkole182-krakow.edu.pl\/wp-content\/uploads\/2025\/10\/inbound1355842140585954425-771x1024.jpg 771w, https:\/\/przedszkole182-krakow.edu.pl\/wp-content\/uploads\/2025\/10\/inbound1355842140585954425-226x300.jpg 226w, https:\/\/przedszkole182-krakow.edu.pl\/wp-content\/uploads\/2025\/10\/inbound1355842140585954425-768x1020.jpg 768w, https:\/\/przedszkole182-krakow.edu.pl\/wp-content\/uploads\/2025\/10\/inbound1355842140585954425-1157x1536.jpg 1157w, https:\/\/przedszkole182-krakow.edu.pl\/wp-content\/uploads\/2025\/10\/inbound1355842140585954425-1542x2048.jpg 1542w, https:\/\/przedszkole182-krakow.edu.pl\/wp-content\/uploads\/2025\/10\/inbound1355842140585954425-scaled.jpg 1928w\" sizes=\"auto, (max-width: 771px) 100vw, 771px\" \/><\/figure>\n\n\n\n<figure class=\"wp-block-image size-large\"><img loading=\"lazy\" decoding=\"async\" width=\"771\" height=\"1024\" data-id=\"11170\" src=\"https:\/\/przedszkole182-krakow.edu.pl\/wp-content\/uploads\/2025\/10\/inbound6295304202050413312-771x1024.jpg\" alt=\"\" class=\"wp-image-11170\" srcset=\"https:\/\/przedszkole182-krakow.edu.pl\/wp-content\/uploads\/2025\/10\/inbound6295304202050413312-771x1024.jpg 771w, https:\/\/przedszkole182-krakow.edu.pl\/wp-content\/uploads\/2025\/10\/inbound6295304202050413312-226x300.jpg 226w, https:\/\/przedszkole182-krakow.edu.pl\/wp-content\/uploads\/2025\/10\/inbound6295304202050413312-768x1020.jpg 768w, https:\/\/przedszkole182-krakow.edu.pl\/wp-content\/uploads\/2025\/10\/inbound6295304202050413312-1157x1536.jpg 1157w, https:\/\/przedszkole182-krakow.edu.pl\/wp-content\/uploads\/2025\/10\/inbound6295304202050413312-1542x2048.jpg 1542w, https:\/\/przedszkole182-krakow.edu.pl\/wp-content\/uploads\/2025\/10\/inbound6295304202050413312-scaled.jpg 1928w\" sizes=\"auto, (max-width: 771px) 100vw, 771px\" \/><\/figure>\n\n\n\n<figure class=\"wp-block-image size-large\"><img loading=\"lazy\" decoding=\"async\" width=\"1024\" height=\"771\" data-id=\"11172\" src=\"https:\/\/przedszkole182-krakow.edu.pl\/wp-content\/uploads\/2025\/10\/inbound245106087024911189-1024x771.jpg\" alt=\"\" class=\"wp-image-11172\" srcset=\"https:\/\/przedszkole182-krakow.edu.pl\/wp-content\/uploads\/2025\/10\/inbound245106087024911189-1024x771.jpg 1024w, https:\/\/przedszkole182-krakow.edu.pl\/wp-content\/uploads\/2025\/10\/inbound245106087024911189-300x226.jpg 300w, https:\/\/przedszkole182-krakow.edu.pl\/wp-content\/uploads\/2025\/10\/inbound245106087024911189-768x578.jpg 768w, https:\/\/przedszkole182-krakow.edu.pl\/wp-content\/uploads\/2025\/10\/inbound245106087024911189-1536x1157.jpg 1536w, https:\/\/przedszkole182-krakow.edu.pl\/wp-content\/uploads\/2025\/10\/inbound245106087024911189-2048x1542.jpg 2048w\" sizes=\"auto, (max-width: 1024px) 100vw, 1024px\" \/><\/figure>\n\n\n\n<figure class=\"wp-block-image size-large\"><img loading=\"lazy\" decoding=\"async\" width=\"771\" height=\"1024\" data-id=\"11174\" src=\"https:\/\/przedszkole182-krakow.edu.pl\/wp-content\/uploads\/2025\/10\/inbound6545575422881624940-771x1024.jpg\" alt=\"\" class=\"wp-image-11174\" srcset=\"https:\/\/przedszkole182-krakow.edu.pl\/wp-content\/uploads\/2025\/10\/inbound6545575422881624940-771x1024.jpg 771w, https:\/\/przedszkole182-krakow.edu.pl\/wp-content\/uploads\/2025\/10\/inbound6545575422881624940-226x300.jpg 226w, https:\/\/przedszkole182-krakow.edu.pl\/wp-content\/uploads\/2025\/10\/inbound6545575422881624940-768x1020.jpg 768w, https:\/\/przedszkole182-krakow.edu.pl\/wp-content\/uploads\/2025\/10\/inbound6545575422881624940-1157x1536.jpg 1157w, https:\/\/przedszkole182-krakow.edu.pl\/wp-content\/uploads\/2025\/10\/inbound6545575422881624940-1542x2048.jpg 1542w, https:\/\/przedszkole182-krakow.edu.pl\/wp-content\/uploads\/2025\/10\/inbound6545575422881624940-scaled.jpg 1928w\" sizes=\"auto, (max-width: 771px) 100vw, 771px\" \/><\/figure>\n\n\n\n<figure class=\"wp-block-image size-large\"><img loading=\"lazy\" decoding=\"async\" width=\"771\" height=\"1024\" data-id=\"11180\" src=\"https:\/\/przedszkole182-krakow.edu.pl\/wp-content\/uploads\/2025\/10\/inbound516312532761855988-771x1024.jpg\" alt=\"\" class=\"wp-image-11180\" srcset=\"https:\/\/przedszkole182-krakow.edu.pl\/wp-content\/uploads\/2025\/10\/inbound516312532761855988-771x1024.jpg 771w, https:\/\/przedszkole182-krakow.edu.pl\/wp-content\/uploads\/2025\/10\/inbound516312532761855988-226x300.jpg 226w, https:\/\/przedszkole182-krakow.edu.pl\/wp-content\/uploads\/2025\/10\/inbound516312532761855988-768x1020.jpg 768w, https:\/\/przedszkole182-krakow.edu.pl\/wp-content\/uploads\/2025\/10\/inbound516312532761855988-1157x1536.jpg 1157w, https:\/\/przedszkole182-krakow.edu.pl\/wp-content\/uploads\/2025\/10\/inbound516312532761855988-1542x2048.jpg 1542w, https:\/\/przedszkole182-krakow.edu.pl\/wp-content\/uploads\/2025\/10\/inbound516312532761855988-scaled.jpg 1928w\" sizes=\"auto, (max-width: 771px) 100vw, 771px\" \/><\/figure>\n\n\n\n<figure class=\"wp-block-image size-large\"><img loading=\"lazy\" decoding=\"async\" width=\"1024\" height=\"771\" data-id=\"11178\" src=\"https:\/\/przedszkole182-krakow.edu.pl\/wp-content\/uploads\/2025\/10\/inbound4002132918763481031-1024x771.jpg\" alt=\"\" class=\"wp-image-11178\" srcset=\"https:\/\/przedszkole182-krakow.edu.pl\/wp-content\/uploads\/2025\/10\/inbound4002132918763481031-1024x771.jpg 1024w, https:\/\/przedszkole182-krakow.edu.pl\/wp-content\/uploads\/2025\/10\/inbound4002132918763481031-300x226.jpg 300w, https:\/\/przedszkole182-krakow.edu.pl\/wp-content\/uploads\/2025\/10\/inbound4002132918763481031-768x578.jpg 768w, https:\/\/przedszkole182-krakow.edu.pl\/wp-content\/uploads\/2025\/10\/inbound4002132918763481031-1536x1157.jpg 1536w, https:\/\/przedszkole182-krakow.edu.pl\/wp-content\/uploads\/2025\/10\/inbound4002132918763481031-2048x1542.jpg 2048w\" sizes=\"auto, (max-width: 1024px) 100vw, 1024px\" \/><\/figure>\n\n\n\n<figure class=\"wp-block-image size-large\"><img loading=\"lazy\" decoding=\"async\" width=\"1024\" height=\"771\" data-id=\"11179\" src=\"https:\/\/przedszkole182-krakow.edu.pl\/wp-content\/uploads\/2025\/10\/inbound530374506685787743-1024x771.jpg\" alt=\"\" class=\"wp-image-11179\" srcset=\"https:\/\/przedszkole182-krakow.edu.pl\/wp-content\/uploads\/2025\/10\/inbound530374506685787743-1024x771.jpg 1024w, https:\/\/przedszkole182-krakow.edu.pl\/wp-content\/uploads\/2025\/10\/inbound530374506685787743-300x226.jpg 300w, https:\/\/przedszkole182-krakow.edu.pl\/wp-content\/uploads\/2025\/10\/inbound530374506685787743-768x578.jpg 768w, https:\/\/przedszkole182-krakow.edu.pl\/wp-content\/uploads\/2025\/10\/inbound530374506685787743-1536x1157.jpg 1536w, https:\/\/przedszkole182-krakow.edu.pl\/wp-content\/uploads\/2025\/10\/inbound530374506685787743-2048x1542.jpg 2048w\" sizes=\"auto, (max-width: 1024px) 100vw, 1024px\" \/><\/figure>\n\n\n\n<figure class=\"wp-block-image size-large\"><img loading=\"lazy\" decoding=\"async\" width=\"771\" height=\"1024\" data-id=\"11177\" src=\"https:\/\/przedszkole182-krakow.edu.pl\/wp-content\/uploads\/2025\/10\/inbound7676296967352278342-771x1024.jpg\" alt=\"\" class=\"wp-image-11177\" srcset=\"https:\/\/przedszkole182-krakow.edu.pl\/wp-content\/uploads\/2025\/10\/inbound7676296967352278342-771x1024.jpg 771w, https:\/\/przedszkole182-krakow.edu.pl\/wp-content\/uploads\/2025\/10\/inbound7676296967352278342-226x300.jpg 226w, https:\/\/przedszkole182-krakow.edu.pl\/wp-content\/uploads\/2025\/10\/inbound7676296967352278342-768x1020.jpg 768w, https:\/\/przedszkole182-krakow.edu.pl\/wp-content\/uploads\/2025\/10\/inbound7676296967352278342-1157x1536.jpg 1157w, https:\/\/przedszkole182-krakow.edu.pl\/wp-content\/uploads\/2025\/10\/inbound7676296967352278342-1542x2048.jpg 1542w, https:\/\/przedszkole182-krakow.edu.pl\/wp-content\/uploads\/2025\/10\/inbound7676296967352278342-scaled.jpg 1928w\" sizes=\"auto, (max-width: 771px) 100vw, 771px\" \/><\/figure>\n\n\n\n<figure class=\"wp-block-image size-large\"><img loading=\"lazy\" decoding=\"async\" width=\"771\" height=\"1024\" data-id=\"11176\" src=\"https:\/\/przedszkole182-krakow.edu.pl\/wp-content\/uploads\/2025\/10\/inbound3397439204123932552-771x1024.jpg\" alt=\"\" class=\"wp-image-11176\" srcset=\"https:\/\/przedszkole182-krakow.edu.pl\/wp-content\/uploads\/2025\/10\/inbound3397439204123932552-771x1024.jpg 771w, https:\/\/przedszkole182-krakow.edu.pl\/wp-content\/uploads\/2025\/10\/inbound3397439204123932552-226x300.jpg 226w, https:\/\/przedszkole182-krakow.edu.pl\/wp-content\/uploads\/2025\/10\/inbound3397439204123932552-768x1020.jpg 768w, https:\/\/przedszkole182-krakow.edu.pl\/wp-content\/uploads\/2025\/10\/inbound3397439204123932552-1157x1536.jpg 1157w, https:\/\/przedszkole182-krakow.edu.pl\/wp-content\/uploads\/2025\/10\/inbound3397439204123932552-1542x2048.jpg 1542w, https:\/\/przedszkole182-krakow.edu.pl\/wp-content\/uploads\/2025\/10\/inbound3397439204123932552-scaled.jpg 1928w\" sizes=\"auto, (max-width: 771px) 100vw, 771px\" \/><\/figure>\n<\/figure>\n","protected":false},"excerpt":{"rendered":"<p>Zdrowe, pe\u0142ne witamin i kolor\u00f3w \u015bniadanie w Gr 3 sprawi\u0142o wiele rado\u015bci dzieciom. Rodzice wraz z Nauczycielami kszta\u0142tuj\u0105 nawyki zdrowego \u017cywienia od najm\u0142odszych lat. Dzi\u0119kujemy Rodzicom za zaanga\u017cowanie oraz pe\u0142ne \u015bniadaniowki!!! Najwi\u0119ksz\u0105 popularno\u015bci\u0105 cieszy\u0142y si\u0119 racuchy mamy Lili!<\/p>\n","protected":false},"author":5,"featured_media":0,"comment_status":"closed","ping_status":"open","sticky":false,"template":"","format":"standard","meta":{"footnotes":""},"categories":[5],"tags":[],"class_list":["post-11168","post","type-post","status-publish","format-standard","hentry","category-galeria"],"_links":{"self":[{"href":"https:\/\/przedszkole182-krakow.edu.pl\/index.php?rest_route=\/wp\/v2\/posts\/11168","targetHints":{"allow":["GET"]}}],"collection":[{"href":"https:\/\/przedszkole182-krakow.edu.pl\/index.php?rest_route=\/wp\/v2\/posts"}],"about":[{"href":"https:\/\/przedszkole182-krakow.edu.pl\/index.php?rest_route=\/wp\/v2\/types\/post"}],"author":[{"embeddable":true,"href":"https:\/\/przedszkole182-krakow.edu.pl\/index.php?rest_route=\/wp\/v2\/users\/5"}],"replies":[{"embeddable":true,"href":"https:\/\/przedszkole182-krakow.edu.pl\/index.php?rest_route=%2Fwp%2Fv2%2Fcomments&post=11168"}],"version-history":[{"count":1,"href":"https:\/\/przedszkole182-krakow.edu.pl\/index.php?rest_route=\/wp\/v2\/posts\/11168\/revisions"}],"predecessor-version":[{"id":11181,"href":"https:\/\/przedszkole182-krakow.edu.pl\/index.php?rest_route=\/wp\/v2\/posts\/11168\/revisions\/11181"}],"wp:attachment":[{"href":"https:\/\/przedszkole182-krakow.edu.pl\/index.php?rest_route=%2Fwp%2Fv2%2Fmedia&parent=11168"}],"wp:term":[{"taxonomy":"category","embeddable":true,"href":"https:\/\/przedszkole182-krakow.edu.pl\/index.php?rest_route=%2Fwp%2Fv2%2Fcategories&post=11168"},{"taxonomy":"post_tag","embeddable":true,"href":"https:\/\/przedszkole182-krakow.edu.pl\/index.php?rest_route=%2Fwp%2Fv2%2Ftags&post=11168"}],"curies":[{"name":"wp","href":"https:\/\/api.w.org\/{rel}","templated":true}]}}