{"id":11185,"date":"2025-10-26T13:21:37","date_gmt":"2025-10-26T12:21:37","guid":{"rendered":"https:\/\/przedszkole182-krakow.edu.pl\/?p=11185"},"modified":"2025-10-28T10:08:12","modified_gmt":"2025-10-28T09:08:12","slug":"rodzinny-konkurs-piesni-patriotycznej","status":"publish","type":"post","link":"https:\/\/przedszkole182-krakow.edu.pl\/?p=11185","title":{"rendered":"Rodzinny konkurs pie\u015bni patriotycznej &#8222;Jeste\u015bmy Polk\u0105 i Polakiem&#8221;"},"content":{"rendered":"\n<p>Dzi\u0119kujemy za udzia\u0142 w konkursie pie\u015bni patriotycznej, kt\u00f3ry wymaga\u0142 du\u017cego zaanga\u017cowania Rodzic\u00f3w i dzieci, nauki trudnych pie\u015bni. Wszystkie nagrania kt\u00f3re do nas nap\u0142yn\u0119\u0142y by\u0142y pi\u0119kne, wzruszaj\u0105ce i pe\u0142ne postawy patriotycznej, anga\u017cuj\u0105ce rodzin\u0119! <strong>Dzi\u0119kujemy wszystkim za udzia\u0142!<\/strong><\/p>\n\n\n\n<p>Og\u0142oszenie wynik\u00f3w oraz rozdanie nagr\u00f3d odb\u0119dzie si\u0119 6.11.25 podczas uroczystego apelu z okazji 11 Listopada w naszym Przedszkolu.<\/p>\n\n\n\n<p>Prezentacja uczestnik\u00f3w konkursu<\/p>\n\n\n\n<p>Ja\u015b i Anto\u015b &#8222;Przybyli U\u0142ani&#8221;<\/p>\n\n\n\n<figure class=\"wp-block-image size-full\"><img loading=\"lazy\" decoding=\"async\" width=\"927\" height=\"669\" src=\"https:\/\/przedszkole182-krakow.edu.pl\/wp-content\/uploads\/2025\/10\/image-4.png\" alt=\"\" class=\"wp-image-11190\" srcset=\"https:\/\/przedszkole182-krakow.edu.pl\/wp-content\/uploads\/2025\/10\/image-4.png 927w, https:\/\/przedszkole182-krakow.edu.pl\/wp-content\/uploads\/2025\/10\/image-4-300x217.png 300w, https:\/\/przedszkole182-krakow.edu.pl\/wp-content\/uploads\/2025\/10\/image-4-768x554.png 768w\" sizes=\"auto, (max-width: 927px) 100vw, 927px\" \/><\/figure>\n\n\n\n<p>Natalia &#8222;Legiony to&#8230;&#8221;<\/p>\n\n\n\n<figure class=\"wp-block-image size-full\"><img loading=\"lazy\" decoding=\"async\" width=\"473\" height=\"884\" src=\"https:\/\/przedszkole182-krakow.edu.pl\/wp-content\/uploads\/2025\/10\/image-5.png\" alt=\"\" class=\"wp-image-11192\" srcset=\"https:\/\/przedszkole182-krakow.edu.pl\/wp-content\/uploads\/2025\/10\/image-5.png 473w, https:\/\/przedszkole182-krakow.edu.pl\/wp-content\/uploads\/2025\/10\/image-5-161x300.png 161w\" sizes=\"auto, (max-width: 473px) 100vw, 473px\" \/><\/figure>\n\n\n\n<p>Trzy pokolenia:  Hania, mama Urszula i babcia Bo\u017cena &#8222;Kto ty jeste\u015b&#8221;<\/p>\n\n\n\n<figure class=\"wp-block-image size-large\"><img loading=\"lazy\" decoding=\"async\" width=\"596\" height=\"1024\" src=\"https:\/\/przedszkole182-krakow.edu.pl\/wp-content\/uploads\/2025\/10\/image-6-596x1024.png\" alt=\"\" class=\"wp-image-11193\" srcset=\"https:\/\/przedszkole182-krakow.edu.pl\/wp-content\/uploads\/2025\/10\/image-6-596x1024.png 596w, https:\/\/przedszkole182-krakow.edu.pl\/wp-content\/uploads\/2025\/10\/image-6-175x300.png 175w, https:\/\/przedszkole182-krakow.edu.pl\/wp-content\/uploads\/2025\/10\/image-6-768x1319.png 768w, https:\/\/przedszkole182-krakow.edu.pl\/wp-content\/uploads\/2025\/10\/image-6-894x1536.png 894w, https:\/\/przedszkole182-krakow.edu.pl\/wp-content\/uploads\/2025\/10\/image-6.png 1080w\" sizes=\"auto, (max-width: 596px) 100vw, 596px\" \/><\/figure>\n\n\n\n<p>Sta\u015b i Janek &#8222;Rozkwita\u0142y p\u0105ki bia\u0142ych r\u00f3\u017c&#8221;<\/p>\n\n\n\n<figure class=\"wp-block-image size-large is-resized\"><img loading=\"lazy\" decoding=\"async\" width=\"624\" height=\"1024\" src=\"https:\/\/przedszkole182-krakow.edu.pl\/wp-content\/uploads\/2025\/10\/image-7-624x1024.png\" alt=\"\" class=\"wp-image-11194\" style=\"width:840px;height:auto\" srcset=\"https:\/\/przedszkole182-krakow.edu.pl\/wp-content\/uploads\/2025\/10\/image-7-624x1024.png 624w, https:\/\/przedszkole182-krakow.edu.pl\/wp-content\/uploads\/2025\/10\/image-7-183x300.png 183w, https:\/\/przedszkole182-krakow.edu.pl\/wp-content\/uploads\/2025\/10\/image-7-768x1259.png 768w, https:\/\/przedszkole182-krakow.edu.pl\/wp-content\/uploads\/2025\/10\/image-7-937x1536.png 937w, https:\/\/przedszkole182-krakow.edu.pl\/wp-content\/uploads\/2025\/10\/image-7.png 1080w\" sizes=\"auto, (max-width: 624px) 100vw, 624px\" \/><\/figure>\n\n\n\n<p>Bruno &#8222;My jeste\u015bmy Polakami&#8221;<\/p>\n\n\n\n<figure class=\"wp-block-image size-large\"><img loading=\"lazy\" decoding=\"async\" width=\"592\" height=\"1024\" src=\"https:\/\/przedszkole182-krakow.edu.pl\/wp-content\/uploads\/2025\/10\/image-8-592x1024.png\" alt=\"\" class=\"wp-image-11195\" srcset=\"https:\/\/przedszkole182-krakow.edu.pl\/wp-content\/uploads\/2025\/10\/image-8-592x1024.png 592w, https:\/\/przedszkole182-krakow.edu.pl\/wp-content\/uploads\/2025\/10\/image-8-173x300.png 173w, https:\/\/przedszkole182-krakow.edu.pl\/wp-content\/uploads\/2025\/10\/image-8-768x1329.png 768w, https:\/\/przedszkole182-krakow.edu.pl\/wp-content\/uploads\/2025\/10\/image-8-888x1536.png 888w, https:\/\/przedszkole182-krakow.edu.pl\/wp-content\/uploads\/2025\/10\/image-8.png 1080w\" sizes=\"auto, (max-width: 592px) 100vw, 592px\" \/><\/figure>\n\n\n\n<p>Pawe\u0142, Micha\u0142 i Alicja &#8222;Jeste\u015bmy Polk\u0105 i Polakiem&#8221;<\/p>\n\n\n\n<figure class=\"wp-block-image size-full\"><img loading=\"lazy\" decoding=\"async\" width=\"847\" height=\"590\" src=\"https:\/\/przedszkole182-krakow.edu.pl\/wp-content\/uploads\/2025\/10\/image-9.png\" alt=\"\" class=\"wp-image-11196\" srcset=\"https:\/\/przedszkole182-krakow.edu.pl\/wp-content\/uploads\/2025\/10\/image-9.png 847w, https:\/\/przedszkole182-krakow.edu.pl\/wp-content\/uploads\/2025\/10\/image-9-300x209.png 300w, https:\/\/przedszkole182-krakow.edu.pl\/wp-content\/uploads\/2025\/10\/image-9-768x535.png 768w\" sizes=\"auto, (max-width: 847px) 100vw, 847px\" \/><\/figure>\n\n\n\n<p>Rozalia i Aniela &#8222;My pierwsza Brygada&#8221;<\/p>\n\n\n\n<figure class=\"wp-block-image size-full\"><img loading=\"lazy\" decoding=\"async\" width=\"444\" height=\"824\" src=\"https:\/\/przedszkole182-krakow.edu.pl\/wp-content\/uploads\/2025\/10\/image-10.png\" alt=\"\" class=\"wp-image-11197\" srcset=\"https:\/\/przedszkole182-krakow.edu.pl\/wp-content\/uploads\/2025\/10\/image-10.png 444w, https:\/\/przedszkole182-krakow.edu.pl\/wp-content\/uploads\/2025\/10\/image-10-162x300.png 162w\" sizes=\"auto, (max-width: 444px) 100vw, 444px\" \/><\/figure>\n\n\n\n<p>Antonina &#8222;Masz Polonia&#8221; <\/p>\n\n\n\n<figure class=\"wp-block-image size-large\"><img loading=\"lazy\" decoding=\"async\" width=\"510\" height=\"1024\" src=\"https:\/\/przedszkole182-krakow.edu.pl\/wp-content\/uploads\/2025\/10\/image-11-510x1024.png\" alt=\"\" class=\"wp-image-11198\" srcset=\"https:\/\/przedszkole182-krakow.edu.pl\/wp-content\/uploads\/2025\/10\/image-11-510x1024.png 510w, https:\/\/przedszkole182-krakow.edu.pl\/wp-content\/uploads\/2025\/10\/image-11-149x300.png 149w, https:\/\/przedszkole182-krakow.edu.pl\/wp-content\/uploads\/2025\/10\/image-11-768x1542.png 768w, https:\/\/przedszkole182-krakow.edu.pl\/wp-content\/uploads\/2025\/10\/image-11-765x1536.png 765w, https:\/\/przedszkole182-krakow.edu.pl\/wp-content\/uploads\/2025\/10\/image-11.png 844w\" sizes=\"auto, (max-width: 510px) 100vw, 510px\" \/><\/figure>\n\n\n\n<p>Weronika &#8222;Przybyli U\u0142ani&#8221;<\/p>\n\n\n\n<figure class=\"wp-block-image size-large\"><img loading=\"lazy\" decoding=\"async\" width=\"709\" height=\"1024\" src=\"https:\/\/przedszkole182-krakow.edu.pl\/wp-content\/uploads\/2025\/10\/image-12-709x1024.png\" alt=\"\" class=\"wp-image-11199\" srcset=\"https:\/\/przedszkole182-krakow.edu.pl\/wp-content\/uploads\/2025\/10\/image-12-709x1024.png 709w, https:\/\/przedszkole182-krakow.edu.pl\/wp-content\/uploads\/2025\/10\/image-12-208x300.png 208w, https:\/\/przedszkole182-krakow.edu.pl\/wp-content\/uploads\/2025\/10\/image-12-768x1109.png 768w, https:\/\/przedszkole182-krakow.edu.pl\/wp-content\/uploads\/2025\/10\/image-12-1063x1536.png 1063w, https:\/\/przedszkole182-krakow.edu.pl\/wp-content\/uploads\/2025\/10\/image-12.png 1080w\" sizes=\"auto, (max-width: 709px) 100vw, 709px\" \/><\/figure>\n","protected":false},"excerpt":{"rendered":"<p>Dzi\u0119kujemy za udzia\u0142 w konkursie pie\u015bni patriotycznej, kt\u00f3ry wymaga\u0142 du\u017cego zaanga\u017cowania Rodzic\u00f3w i dzieci, nauki trudnych pie\u015bni. Wszystkie nagrania kt\u00f3re do nas nap\u0142yn\u0119\u0142y by\u0142y pi\u0119kne, wzruszaj\u0105ce i pe\u0142ne postawy patriotycznej, anga\u017cuj\u0105ce rodzin\u0119! Dzi\u0119kujemy wszystkim za udzia\u0142! Og\u0142oszenie wynik\u00f3w oraz rozdanie nagr\u00f3d odb\u0119dzie si\u0119 6.11.25 podczas uroczystego apelu z okazji 11 Listopada w naszym Przedszkolu. Prezentacja [&hellip;]<\/p>\n","protected":false},"author":5,"featured_media":0,"comment_status":"closed","ping_status":"open","sticky":false,"template":"","format":"standard","meta":{"footnotes":""},"categories":[22],"tags":[],"class_list":["post-11185","post","type-post","status-publish","format-standard","hentry","category-konkursy-projekty"],"_links":{"self":[{"href":"https:\/\/przedszkole182-krakow.edu.pl\/index.php?rest_route=\/wp\/v2\/posts\/11185","targetHints":{"allow":["GET"]}}],"collection":[{"href":"https:\/\/przedszkole182-krakow.edu.pl\/index.php?rest_route=\/wp\/v2\/posts"}],"about":[{"href":"https:\/\/przedszkole182-krakow.edu.pl\/index.php?rest_route=\/wp\/v2\/types\/post"}],"author":[{"embeddable":true,"href":"https:\/\/przedszkole182-krakow.edu.pl\/index.php?rest_route=\/wp\/v2\/users\/5"}],"replies":[{"embeddable":true,"href":"https:\/\/przedszkole182-krakow.edu.pl\/index.php?rest_route=%2Fwp%2Fv2%2Fcomments&post=11185"}],"version-history":[{"count":5,"href":"https:\/\/przedszkole182-krakow.edu.pl\/index.php?rest_route=\/wp\/v2\/posts\/11185\/revisions"}],"predecessor-version":[{"id":11200,"href":"https:\/\/przedszkole182-krakow.edu.pl\/index.php?rest_route=\/wp\/v2\/posts\/11185\/revisions\/11200"}],"wp:attachment":[{"href":"https:\/\/przedszkole182-krakow.edu.pl\/index.php?rest_route=%2Fwp%2Fv2%2Fmedia&parent=11185"}],"wp:term":[{"taxonomy":"category","embeddable":true,"href":"https:\/\/przedszkole182-krakow.edu.pl\/index.php?rest_route=%2Fwp%2Fv2%2Fcategories&post=11185"},{"taxonomy":"post_tag","embeddable":true,"href":"https:\/\/przedszkole182-krakow.edu.pl\/index.php?rest_route=%2Fwp%2Fv2%2Ftags&post=11185"}],"curies":[{"name":"wp","href":"https:\/\/api.w.org\/{rel}","templated":true}]}}