{"id":11294,"date":"2025-10-24T12:21:26","date_gmt":"2025-10-24T10:21:26","guid":{"rendered":"https:\/\/przedszkole182-krakow.edu.pl\/?p=11294"},"modified":"2025-11-08T12:22:39","modified_gmt":"2025-11-08T11:22:39","slug":"dzien-dyni-w-gr-7","status":"publish","type":"post","link":"https:\/\/przedszkole182-krakow.edu.pl\/?p=11294","title":{"rendered":"Dzien dyni w Gr 7"},"content":{"rendered":"\n<p><br>To by\u0142 dzie\u0144 pe\u0142en atrakcji: ciekawostki o dyniach, malowanie dy\u0144, wyklejanie prac plastycznych pestkami dyni, malowanie balon\u00f3w w kolorze pomara\u0144czowym, przeliczanie, por\u00f3wnywanie dy\u0144, zabawy z dyni\u0105 m.in. &#8222;Dynia parzy&#8221;. Niespodziank\u0105 by\u0142o pyszne dyniowe ciasto ,a do tego chrupi\u0105ce, bardzo zdrowe pestki dyni. Kulminacj\u0105 tego dnia by\u0142o ozdabianie dy\u0144 w ogrodzie przedszkolnym . Serdecznie dzi\u0119kujemy rodzicom za zaanga\u017cowanie w przygotowanie Dnia Dyni, a szczeg\u00f3lnie mamie Danusi za ciasto niespodziank\u0119 i mamie Dianie za dynie i zaj\u0119cia w ozdabianie dy\u0144.<\/p>\n\n\n\n<figure class=\"wp-block-gallery has-nested-images columns-default is-cropped wp-block-gallery-1 is-layout-flex wp-block-gallery-is-layout-flex\">\n<figure class=\"wp-block-image size-large\"><img loading=\"lazy\" decoding=\"async\" width=\"768\" height=\"1024\" data-id=\"11295\" src=\"https:\/\/przedszkole182-krakow.edu.pl\/wp-content\/uploads\/2025\/11\/inbound1316016255995135278-768x1024.jpg\" alt=\"\" class=\"wp-image-11295\" srcset=\"https:\/\/przedszkole182-krakow.edu.pl\/wp-content\/uploads\/2025\/11\/inbound1316016255995135278-768x1024.jpg 768w, https:\/\/przedszkole182-krakow.edu.pl\/wp-content\/uploads\/2025\/11\/inbound1316016255995135278-225x300.jpg 225w, https:\/\/przedszkole182-krakow.edu.pl\/wp-content\/uploads\/2025\/11\/inbound1316016255995135278-1152x1536.jpg 1152w, https:\/\/przedszkole182-krakow.edu.pl\/wp-content\/uploads\/2025\/11\/inbound1316016255995135278.jpg 1536w\" sizes=\"auto, (max-width: 768px) 100vw, 768px\" \/><\/figure>\n\n\n\n<figure class=\"wp-block-image size-large\"><img loading=\"lazy\" decoding=\"async\" width=\"768\" height=\"1024\" data-id=\"11297\" src=\"https:\/\/przedszkole182-krakow.edu.pl\/wp-content\/uploads\/2025\/11\/inbound8829551021807848011-768x1024.jpg\" alt=\"\" class=\"wp-image-11297\" srcset=\"https:\/\/przedszkole182-krakow.edu.pl\/wp-content\/uploads\/2025\/11\/inbound8829551021807848011-768x1024.jpg 768w, https:\/\/przedszkole182-krakow.edu.pl\/wp-content\/uploads\/2025\/11\/inbound8829551021807848011-225x300.jpg 225w, https:\/\/przedszkole182-krakow.edu.pl\/wp-content\/uploads\/2025\/11\/inbound8829551021807848011-1152x1536.jpg 1152w, https:\/\/przedszkole182-krakow.edu.pl\/wp-content\/uploads\/2025\/11\/inbound8829551021807848011.jpg 1536w\" sizes=\"auto, (max-width: 768px) 100vw, 768px\" \/><\/figure>\n\n\n\n<figure class=\"wp-block-image size-large\"><img loading=\"lazy\" decoding=\"async\" width=\"768\" height=\"1024\" data-id=\"11296\" src=\"https:\/\/przedszkole182-krakow.edu.pl\/wp-content\/uploads\/2025\/11\/inbound429825300586813661-768x1024.jpg\" alt=\"\" class=\"wp-image-11296\" srcset=\"https:\/\/przedszkole182-krakow.edu.pl\/wp-content\/uploads\/2025\/11\/inbound429825300586813661-768x1024.jpg 768w, https:\/\/przedszkole182-krakow.edu.pl\/wp-content\/uploads\/2025\/11\/inbound429825300586813661-225x300.jpg 225w, https:\/\/przedszkole182-krakow.edu.pl\/wp-content\/uploads\/2025\/11\/inbound429825300586813661-1152x1536.jpg 1152w, https:\/\/przedszkole182-krakow.edu.pl\/wp-content\/uploads\/2025\/11\/inbound429825300586813661.jpg 1536w\" sizes=\"auto, (max-width: 768px) 100vw, 768px\" \/><\/figure>\n\n\n\n<figure class=\"wp-block-image size-large\"><img loading=\"lazy\" decoding=\"async\" width=\"768\" height=\"1024\" data-id=\"11300\" src=\"https:\/\/przedszkole182-krakow.edu.pl\/wp-content\/uploads\/2025\/11\/inbound3622818552095208029-768x1024.jpg\" alt=\"\" class=\"wp-image-11300\" srcset=\"https:\/\/przedszkole182-krakow.edu.pl\/wp-content\/uploads\/2025\/11\/inbound3622818552095208029-768x1024.jpg 768w, https:\/\/przedszkole182-krakow.edu.pl\/wp-content\/uploads\/2025\/11\/inbound3622818552095208029-225x300.jpg 225w, https:\/\/przedszkole182-krakow.edu.pl\/wp-content\/uploads\/2025\/11\/inbound3622818552095208029-1152x1536.jpg 1152w, https:\/\/przedszkole182-krakow.edu.pl\/wp-content\/uploads\/2025\/11\/inbound3622818552095208029.jpg 1536w\" sizes=\"auto, (max-width: 768px) 100vw, 768px\" \/><\/figure>\n\n\n\n<figure class=\"wp-block-image size-large\"><img loading=\"lazy\" decoding=\"async\" width=\"768\" height=\"1024\" data-id=\"11298\" src=\"https:\/\/przedszkole182-krakow.edu.pl\/wp-content\/uploads\/2025\/11\/inbound4144605133528251762-768x1024.jpg\" alt=\"\" class=\"wp-image-11298\" srcset=\"https:\/\/przedszkole182-krakow.edu.pl\/wp-content\/uploads\/2025\/11\/inbound4144605133528251762-768x1024.jpg 768w, https:\/\/przedszkole182-krakow.edu.pl\/wp-content\/uploads\/2025\/11\/inbound4144605133528251762-225x300.jpg 225w, https:\/\/przedszkole182-krakow.edu.pl\/wp-content\/uploads\/2025\/11\/inbound4144605133528251762-1152x1536.jpg 1152w, https:\/\/przedszkole182-krakow.edu.pl\/wp-content\/uploads\/2025\/11\/inbound4144605133528251762.jpg 1536w\" sizes=\"auto, (max-width: 768px) 100vw, 768px\" \/><\/figure>\n\n\n\n<figure class=\"wp-block-image size-large\"><img loading=\"lazy\" decoding=\"async\" width=\"768\" height=\"1024\" data-id=\"11299\" src=\"https:\/\/przedszkole182-krakow.edu.pl\/wp-content\/uploads\/2025\/11\/inbound5148209425440651298-768x1024.jpg\" alt=\"\" class=\"wp-image-11299\" srcset=\"https:\/\/przedszkole182-krakow.edu.pl\/wp-content\/uploads\/2025\/11\/inbound5148209425440651298-768x1024.jpg 768w, https:\/\/przedszkole182-krakow.edu.pl\/wp-content\/uploads\/2025\/11\/inbound5148209425440651298-225x300.jpg 225w, https:\/\/przedszkole182-krakow.edu.pl\/wp-content\/uploads\/2025\/11\/inbound5148209425440651298-1152x1536.jpg 1152w, https:\/\/przedszkole182-krakow.edu.pl\/wp-content\/uploads\/2025\/11\/inbound5148209425440651298.jpg 1536w\" sizes=\"auto, (max-width: 768px) 100vw, 768px\" \/><\/figure>\n\n\n\n<figure class=\"wp-block-image size-large\"><img loading=\"lazy\" decoding=\"async\" width=\"768\" height=\"1024\" data-id=\"11301\" src=\"https:\/\/przedszkole182-krakow.edu.pl\/wp-content\/uploads\/2025\/11\/inbound5106717401957847263-768x1024.jpg\" alt=\"\" class=\"wp-image-11301\" srcset=\"https:\/\/przedszkole182-krakow.edu.pl\/wp-content\/uploads\/2025\/11\/inbound5106717401957847263-768x1024.jpg 768w, https:\/\/przedszkole182-krakow.edu.pl\/wp-content\/uploads\/2025\/11\/inbound5106717401957847263-225x300.jpg 225w, https:\/\/przedszkole182-krakow.edu.pl\/wp-content\/uploads\/2025\/11\/inbound5106717401957847263-1152x1536.jpg 1152w, https:\/\/przedszkole182-krakow.edu.pl\/wp-content\/uploads\/2025\/11\/inbound5106717401957847263.jpg 1536w\" sizes=\"auto, (max-width: 768px) 100vw, 768px\" \/><\/figure>\n\n\n\n<figure class=\"wp-block-image size-large\"><img loading=\"lazy\" decoding=\"async\" width=\"768\" height=\"1024\" data-id=\"11302\" src=\"https:\/\/przedszkole182-krakow.edu.pl\/wp-content\/uploads\/2025\/11\/inbound3975158026660092102-768x1024.jpg\" alt=\"\" class=\"wp-image-11302\" srcset=\"https:\/\/przedszkole182-krakow.edu.pl\/wp-content\/uploads\/2025\/11\/inbound3975158026660092102-768x1024.jpg 768w, https:\/\/przedszkole182-krakow.edu.pl\/wp-content\/uploads\/2025\/11\/inbound3975158026660092102-225x300.jpg 225w, https:\/\/przedszkole182-krakow.edu.pl\/wp-content\/uploads\/2025\/11\/inbound3975158026660092102-1152x1536.jpg 1152w, https:\/\/przedszkole182-krakow.edu.pl\/wp-content\/uploads\/2025\/11\/inbound3975158026660092102.jpg 1536w\" sizes=\"auto, (max-width: 768px) 100vw, 768px\" \/><\/figure>\n\n\n\n<figure class=\"wp-block-image size-large\"><img loading=\"lazy\" decoding=\"async\" width=\"768\" height=\"1024\" data-id=\"11303\" src=\"https:\/\/przedszkole182-krakow.edu.pl\/wp-content\/uploads\/2025\/11\/inbound4865243157074237622-768x1024.jpg\" alt=\"\" class=\"wp-image-11303\" srcset=\"https:\/\/przedszkole182-krakow.edu.pl\/wp-content\/uploads\/2025\/11\/inbound4865243157074237622-768x1024.jpg 768w, https:\/\/przedszkole182-krakow.edu.pl\/wp-content\/uploads\/2025\/11\/inbound4865243157074237622-225x300.jpg 225w, https:\/\/przedszkole182-krakow.edu.pl\/wp-content\/uploads\/2025\/11\/inbound4865243157074237622-1152x1536.jpg 1152w, https:\/\/przedszkole182-krakow.edu.pl\/wp-content\/uploads\/2025\/11\/inbound4865243157074237622.jpg 1536w\" sizes=\"auto, (max-width: 768px) 100vw, 768px\" \/><\/figure>\n\n\n\n<figure class=\"wp-block-image size-large\"><img loading=\"lazy\" decoding=\"async\" width=\"768\" height=\"1024\" data-id=\"11304\" src=\"https:\/\/przedszkole182-krakow.edu.pl\/wp-content\/uploads\/2025\/11\/inbound7001995242011644347-768x1024.jpg\" alt=\"\" class=\"wp-image-11304\" srcset=\"https:\/\/przedszkole182-krakow.edu.pl\/wp-content\/uploads\/2025\/11\/inbound7001995242011644347-768x1024.jpg 768w, https:\/\/przedszkole182-krakow.edu.pl\/wp-content\/uploads\/2025\/11\/inbound7001995242011644347-225x300.jpg 225w, https:\/\/przedszkole182-krakow.edu.pl\/wp-content\/uploads\/2025\/11\/inbound7001995242011644347-1152x1536.jpg 1152w, https:\/\/przedszkole182-krakow.edu.pl\/wp-content\/uploads\/2025\/11\/inbound7001995242011644347.jpg 1536w\" sizes=\"auto, (max-width: 768px) 100vw, 768px\" \/><\/figure>\n\n\n\n<figure class=\"wp-block-image size-large\"><img loading=\"lazy\" decoding=\"async\" width=\"768\" height=\"1024\" data-id=\"11305\" src=\"https:\/\/przedszkole182-krakow.edu.pl\/wp-content\/uploads\/2025\/11\/inbound4349268399588293754-768x1024.jpg\" alt=\"\" class=\"wp-image-11305\" srcset=\"https:\/\/przedszkole182-krakow.edu.pl\/wp-content\/uploads\/2025\/11\/inbound4349268399588293754-768x1024.jpg 768w, https:\/\/przedszkole182-krakow.edu.pl\/wp-content\/uploads\/2025\/11\/inbound4349268399588293754-225x300.jpg 225w, https:\/\/przedszkole182-krakow.edu.pl\/wp-content\/uploads\/2025\/11\/inbound4349268399588293754-1152x1536.jpg 1152w, https:\/\/przedszkole182-krakow.edu.pl\/wp-content\/uploads\/2025\/11\/inbound4349268399588293754.jpg 1536w\" sizes=\"auto, (max-width: 768px) 100vw, 768px\" \/><\/figure>\n\n\n\n<figure class=\"wp-block-image size-large\"><img loading=\"lazy\" decoding=\"async\" width=\"768\" height=\"1024\" data-id=\"11306\" src=\"https:\/\/przedszkole182-krakow.edu.pl\/wp-content\/uploads\/2025\/11\/inbound6902200598234235475-768x1024.jpg\" alt=\"\" class=\"wp-image-11306\" srcset=\"https:\/\/przedszkole182-krakow.edu.pl\/wp-content\/uploads\/2025\/11\/inbound6902200598234235475-768x1024.jpg 768w, https:\/\/przedszkole182-krakow.edu.pl\/wp-content\/uploads\/2025\/11\/inbound6902200598234235475-225x300.jpg 225w, https:\/\/przedszkole182-krakow.edu.pl\/wp-content\/uploads\/2025\/11\/inbound6902200598234235475-1152x1536.jpg 1152w, https:\/\/przedszkole182-krakow.edu.pl\/wp-content\/uploads\/2025\/11\/inbound6902200598234235475.jpg 1536w\" sizes=\"auto, (max-width: 768px) 100vw, 768px\" \/><\/figure>\n\n\n\n<figure class=\"wp-block-image size-large\"><img loading=\"lazy\" decoding=\"async\" width=\"768\" height=\"1024\" data-id=\"11307\" src=\"https:\/\/przedszkole182-krakow.edu.pl\/wp-content\/uploads\/2025\/11\/inbound7743460543555661920-768x1024.jpg\" alt=\"\" class=\"wp-image-11307\" srcset=\"https:\/\/przedszkole182-krakow.edu.pl\/wp-content\/uploads\/2025\/11\/inbound7743460543555661920-768x1024.jpg 768w, https:\/\/przedszkole182-krakow.edu.pl\/wp-content\/uploads\/2025\/11\/inbound7743460543555661920-225x300.jpg 225w, https:\/\/przedszkole182-krakow.edu.pl\/wp-content\/uploads\/2025\/11\/inbound7743460543555661920-1152x1536.jpg 1152w, https:\/\/przedszkole182-krakow.edu.pl\/wp-content\/uploads\/2025\/11\/inbound7743460543555661920.jpg 1536w\" sizes=\"auto, (max-width: 768px) 100vw, 768px\" \/><\/figure>\n\n\n\n<figure class=\"wp-block-image size-large\"><img loading=\"lazy\" decoding=\"async\" width=\"768\" height=\"1024\" data-id=\"11308\" src=\"https:\/\/przedszkole182-krakow.edu.pl\/wp-content\/uploads\/2025\/11\/inbound4602545489912747136-768x1024.jpg\" alt=\"\" class=\"wp-image-11308\" srcset=\"https:\/\/przedszkole182-krakow.edu.pl\/wp-content\/uploads\/2025\/11\/inbound4602545489912747136-768x1024.jpg 768w, https:\/\/przedszkole182-krakow.edu.pl\/wp-content\/uploads\/2025\/11\/inbound4602545489912747136-225x300.jpg 225w, https:\/\/przedszkole182-krakow.edu.pl\/wp-content\/uploads\/2025\/11\/inbound4602545489912747136-1152x1536.jpg 1152w, https:\/\/przedszkole182-krakow.edu.pl\/wp-content\/uploads\/2025\/11\/inbound4602545489912747136.jpg 1536w\" sizes=\"auto, (max-width: 768px) 100vw, 768px\" \/><\/figure>\n\n\n\n<figure class=\"wp-block-image size-large\"><img loading=\"lazy\" decoding=\"async\" width=\"768\" height=\"1024\" data-id=\"11309\" src=\"https:\/\/przedszkole182-krakow.edu.pl\/wp-content\/uploads\/2025\/11\/inbound503969187258175666-768x1024.jpg\" alt=\"\" class=\"wp-image-11309\" srcset=\"https:\/\/przedszkole182-krakow.edu.pl\/wp-content\/uploads\/2025\/11\/inbound503969187258175666-768x1024.jpg 768w, https:\/\/przedszkole182-krakow.edu.pl\/wp-content\/uploads\/2025\/11\/inbound503969187258175666-225x300.jpg 225w, https:\/\/przedszkole182-krakow.edu.pl\/wp-content\/uploads\/2025\/11\/inbound503969187258175666-1152x1536.jpg 1152w, https:\/\/przedszkole182-krakow.edu.pl\/wp-content\/uploads\/2025\/11\/inbound503969187258175666.jpg 1536w\" sizes=\"auto, (max-width: 768px) 100vw, 768px\" \/><\/figure>\n\n\n\n<figure class=\"wp-block-image size-large\"><img loading=\"lazy\" decoding=\"async\" width=\"768\" height=\"1024\" data-id=\"11310\" src=\"https:\/\/przedszkole182-krakow.edu.pl\/wp-content\/uploads\/2025\/11\/inbound1079706837955942551-768x1024.jpg\" alt=\"\" class=\"wp-image-11310\" srcset=\"https:\/\/przedszkole182-krakow.edu.pl\/wp-content\/uploads\/2025\/11\/inbound1079706837955942551-768x1024.jpg 768w, https:\/\/przedszkole182-krakow.edu.pl\/wp-content\/uploads\/2025\/11\/inbound1079706837955942551-225x300.jpg 225w, https:\/\/przedszkole182-krakow.edu.pl\/wp-content\/uploads\/2025\/11\/inbound1079706837955942551-1152x1536.jpg 1152w, https:\/\/przedszkole182-krakow.edu.pl\/wp-content\/uploads\/2025\/11\/inbound1079706837955942551.jpg 1536w\" sizes=\"auto, (max-width: 768px) 100vw, 768px\" \/><\/figure>\n\n\n\n<figure class=\"wp-block-image size-large\"><img loading=\"lazy\" decoding=\"async\" width=\"768\" height=\"1024\" data-id=\"11311\" src=\"https:\/\/przedszkole182-krakow.edu.pl\/wp-content\/uploads\/2025\/11\/inbound8680074379619562708-768x1024.jpg\" alt=\"\" class=\"wp-image-11311\" srcset=\"https:\/\/przedszkole182-krakow.edu.pl\/wp-content\/uploads\/2025\/11\/inbound8680074379619562708-768x1024.jpg 768w, https:\/\/przedszkole182-krakow.edu.pl\/wp-content\/uploads\/2025\/11\/inbound8680074379619562708-225x300.jpg 225w, https:\/\/przedszkole182-krakow.edu.pl\/wp-content\/uploads\/2025\/11\/inbound8680074379619562708-1152x1536.jpg 1152w, https:\/\/przedszkole182-krakow.edu.pl\/wp-content\/uploads\/2025\/11\/inbound8680074379619562708.jpg 1536w\" sizes=\"auto, (max-width: 768px) 100vw, 768px\" \/><\/figure>\n\n\n\n<figure class=\"wp-block-image size-large\"><img loading=\"lazy\" decoding=\"async\" width=\"768\" height=\"1024\" data-id=\"11312\" src=\"https:\/\/przedszkole182-krakow.edu.pl\/wp-content\/uploads\/2025\/11\/inbound3557145631160184391-768x1024.jpg\" alt=\"\" class=\"wp-image-11312\" srcset=\"https:\/\/przedszkole182-krakow.edu.pl\/wp-content\/uploads\/2025\/11\/inbound3557145631160184391-768x1024.jpg 768w, https:\/\/przedszkole182-krakow.edu.pl\/wp-content\/uploads\/2025\/11\/inbound3557145631160184391-225x300.jpg 225w, https:\/\/przedszkole182-krakow.edu.pl\/wp-content\/uploads\/2025\/11\/inbound3557145631160184391-1152x1536.jpg 1152w, https:\/\/przedszkole182-krakow.edu.pl\/wp-content\/uploads\/2025\/11\/inbound3557145631160184391.jpg 1536w\" sizes=\"auto, (max-width: 768px) 100vw, 768px\" \/><\/figure>\n\n\n\n<figure class=\"wp-block-image size-large\"><img loading=\"lazy\" decoding=\"async\" width=\"768\" height=\"1024\" data-id=\"11313\" src=\"https:\/\/przedszkole182-krakow.edu.pl\/wp-content\/uploads\/2025\/11\/inbound5066148106012885544-768x1024.jpg\" alt=\"\" class=\"wp-image-11313\" srcset=\"https:\/\/przedszkole182-krakow.edu.pl\/wp-content\/uploads\/2025\/11\/inbound5066148106012885544-768x1024.jpg 768w, https:\/\/przedszkole182-krakow.edu.pl\/wp-content\/uploads\/2025\/11\/inbound5066148106012885544-225x300.jpg 225w, https:\/\/przedszkole182-krakow.edu.pl\/wp-content\/uploads\/2025\/11\/inbound5066148106012885544-1152x1536.jpg 1152w, https:\/\/przedszkole182-krakow.edu.pl\/wp-content\/uploads\/2025\/11\/inbound5066148106012885544.jpg 1536w\" sizes=\"auto, (max-width: 768px) 100vw, 768px\" \/><\/figure>\n\n\n\n<figure class=\"wp-block-image size-large\"><img loading=\"lazy\" decoding=\"async\" width=\"768\" height=\"1024\" data-id=\"11314\" src=\"https:\/\/przedszkole182-krakow.edu.pl\/wp-content\/uploads\/2025\/11\/inbound1563218200855288581-768x1024.jpg\" alt=\"\" class=\"wp-image-11314\" srcset=\"https:\/\/przedszkole182-krakow.edu.pl\/wp-content\/uploads\/2025\/11\/inbound1563218200855288581-768x1024.jpg 768w, https:\/\/przedszkole182-krakow.edu.pl\/wp-content\/uploads\/2025\/11\/inbound1563218200855288581-225x300.jpg 225w, https:\/\/przedszkole182-krakow.edu.pl\/wp-content\/uploads\/2025\/11\/inbound1563218200855288581-1152x1536.jpg 1152w, https:\/\/przedszkole182-krakow.edu.pl\/wp-content\/uploads\/2025\/11\/inbound1563218200855288581.jpg 1536w\" sizes=\"auto, (max-width: 768px) 100vw, 768px\" \/><\/figure>\n\n\n\n<figure class=\"wp-block-image size-large\"><img loading=\"lazy\" decoding=\"async\" width=\"768\" height=\"1024\" data-id=\"11315\" src=\"https:\/\/przedszkole182-krakow.edu.pl\/wp-content\/uploads\/2025\/11\/inbound445203610451478416-768x1024.jpg\" alt=\"\" class=\"wp-image-11315\" srcset=\"https:\/\/przedszkole182-krakow.edu.pl\/wp-content\/uploads\/2025\/11\/inbound445203610451478416-768x1024.jpg 768w, https:\/\/przedszkole182-krakow.edu.pl\/wp-content\/uploads\/2025\/11\/inbound445203610451478416-225x300.jpg 225w, https:\/\/przedszkole182-krakow.edu.pl\/wp-content\/uploads\/2025\/11\/inbound445203610451478416-1152x1536.jpg 1152w, https:\/\/przedszkole182-krakow.edu.pl\/wp-content\/uploads\/2025\/11\/inbound445203610451478416.jpg 1536w\" sizes=\"auto, (max-width: 768px) 100vw, 768px\" \/><\/figure>\n\n\n\n<figure class=\"wp-block-image size-large\"><img loading=\"lazy\" decoding=\"async\" width=\"768\" height=\"1024\" data-id=\"11316\" src=\"https:\/\/przedszkole182-krakow.edu.pl\/wp-content\/uploads\/2025\/11\/inbound7214182148986665680-768x1024.jpg\" alt=\"\" class=\"wp-image-11316\" srcset=\"https:\/\/przedszkole182-krakow.edu.pl\/wp-content\/uploads\/2025\/11\/inbound7214182148986665680-768x1024.jpg 768w, https:\/\/przedszkole182-krakow.edu.pl\/wp-content\/uploads\/2025\/11\/inbound7214182148986665680-225x300.jpg 225w, https:\/\/przedszkole182-krakow.edu.pl\/wp-content\/uploads\/2025\/11\/inbound7214182148986665680-1152x1536.jpg 1152w, https:\/\/przedszkole182-krakow.edu.pl\/wp-content\/uploads\/2025\/11\/inbound7214182148986665680.jpg 1536w\" sizes=\"auto, (max-width: 768px) 100vw, 768px\" \/><\/figure>\n\n\n\n<figure class=\"wp-block-image size-large\"><img loading=\"lazy\" decoding=\"async\" width=\"768\" height=\"1024\" data-id=\"11317\" src=\"https:\/\/przedszkole182-krakow.edu.pl\/wp-content\/uploads\/2025\/11\/inbound133404560855833793-768x1024.jpg\" alt=\"\" class=\"wp-image-11317\" srcset=\"https:\/\/przedszkole182-krakow.edu.pl\/wp-content\/uploads\/2025\/11\/inbound133404560855833793-768x1024.jpg 768w, https:\/\/przedszkole182-krakow.edu.pl\/wp-content\/uploads\/2025\/11\/inbound133404560855833793-225x300.jpg 225w, https:\/\/przedszkole182-krakow.edu.pl\/wp-content\/uploads\/2025\/11\/inbound133404560855833793-1152x1536.jpg 1152w, https:\/\/przedszkole182-krakow.edu.pl\/wp-content\/uploads\/2025\/11\/inbound133404560855833793.jpg 1536w\" sizes=\"auto, (max-width: 768px) 100vw, 768px\" \/><\/figure>\n\n\n\n<figure class=\"wp-block-image size-large\"><img loading=\"lazy\" decoding=\"async\" width=\"768\" height=\"1024\" data-id=\"11319\" src=\"https:\/\/przedszkole182-krakow.edu.pl\/wp-content\/uploads\/2025\/11\/inbound5423986969568577675-768x1024.jpg\" alt=\"\" class=\"wp-image-11319\" srcset=\"https:\/\/przedszkole182-krakow.edu.pl\/wp-content\/uploads\/2025\/11\/inbound5423986969568577675-768x1024.jpg 768w, https:\/\/przedszkole182-krakow.edu.pl\/wp-content\/uploads\/2025\/11\/inbound5423986969568577675-225x300.jpg 225w, https:\/\/przedszkole182-krakow.edu.pl\/wp-content\/uploads\/2025\/11\/inbound5423986969568577675-1152x1536.jpg 1152w, https:\/\/przedszkole182-krakow.edu.pl\/wp-content\/uploads\/2025\/11\/inbound5423986969568577675.jpg 1536w\" sizes=\"auto, (max-width: 768px) 100vw, 768px\" \/><\/figure>\n\n\n\n<figure class=\"wp-block-image size-large\"><img loading=\"lazy\" decoding=\"async\" width=\"768\" height=\"1024\" data-id=\"11318\" src=\"https:\/\/przedszkole182-krakow.edu.pl\/wp-content\/uploads\/2025\/11\/inbound7843935675579079567-768x1024.jpg\" alt=\"\" class=\"wp-image-11318\" srcset=\"https:\/\/przedszkole182-krakow.edu.pl\/wp-content\/uploads\/2025\/11\/inbound7843935675579079567-768x1024.jpg 768w, https:\/\/przedszkole182-krakow.edu.pl\/wp-content\/uploads\/2025\/11\/inbound7843935675579079567-225x300.jpg 225w, https:\/\/przedszkole182-krakow.edu.pl\/wp-content\/uploads\/2025\/11\/inbound7843935675579079567-1152x1536.jpg 1152w, https:\/\/przedszkole182-krakow.edu.pl\/wp-content\/uploads\/2025\/11\/inbound7843935675579079567.jpg 1536w\" sizes=\"auto, (max-width: 768px) 100vw, 768px\" \/><\/figure>\n\n\n\n<figure class=\"wp-block-image size-large\"><img loading=\"lazy\" decoding=\"async\" width=\"768\" height=\"1024\" data-id=\"11320\" src=\"https:\/\/przedszkole182-krakow.edu.pl\/wp-content\/uploads\/2025\/11\/inbound5108763209002602636-768x1024.jpg\" alt=\"\" class=\"wp-image-11320\" srcset=\"https:\/\/przedszkole182-krakow.edu.pl\/wp-content\/uploads\/2025\/11\/inbound5108763209002602636-768x1024.jpg 768w, https:\/\/przedszkole182-krakow.edu.pl\/wp-content\/uploads\/2025\/11\/inbound5108763209002602636-225x300.jpg 225w, https:\/\/przedszkole182-krakow.edu.pl\/wp-content\/uploads\/2025\/11\/inbound5108763209002602636-1152x1536.jpg 1152w, https:\/\/przedszkole182-krakow.edu.pl\/wp-content\/uploads\/2025\/11\/inbound5108763209002602636.jpg 1536w\" sizes=\"auto, (max-width: 768px) 100vw, 768px\" \/><\/figure>\n\n\n\n<figure class=\"wp-block-image size-large\"><img loading=\"lazy\" decoding=\"async\" width=\"768\" height=\"1024\" data-id=\"11321\" src=\"https:\/\/przedszkole182-krakow.edu.pl\/wp-content\/uploads\/2025\/11\/inbound5299305864085168514-768x1024.jpg\" alt=\"\" class=\"wp-image-11321\" srcset=\"https:\/\/przedszkole182-krakow.edu.pl\/wp-content\/uploads\/2025\/11\/inbound5299305864085168514-768x1024.jpg 768w, https:\/\/przedszkole182-krakow.edu.pl\/wp-content\/uploads\/2025\/11\/inbound5299305864085168514-225x300.jpg 225w, https:\/\/przedszkole182-krakow.edu.pl\/wp-content\/uploads\/2025\/11\/inbound5299305864085168514-1152x1536.jpg 1152w, https:\/\/przedszkole182-krakow.edu.pl\/wp-content\/uploads\/2025\/11\/inbound5299305864085168514.jpg 1536w\" sizes=\"auto, (max-width: 768px) 100vw, 768px\" \/><\/figure>\n\n\n\n<figure class=\"wp-block-image size-large\"><img loading=\"lazy\" decoding=\"async\" width=\"768\" height=\"1024\" data-id=\"11322\" src=\"https:\/\/przedszkole182-krakow.edu.pl\/wp-content\/uploads\/2025\/11\/inbound7557609716874169693-768x1024.jpg\" alt=\"\" class=\"wp-image-11322\" srcset=\"https:\/\/przedszkole182-krakow.edu.pl\/wp-content\/uploads\/2025\/11\/inbound7557609716874169693-768x1024.jpg 768w, https:\/\/przedszkole182-krakow.edu.pl\/wp-content\/uploads\/2025\/11\/inbound7557609716874169693-225x300.jpg 225w, https:\/\/przedszkole182-krakow.edu.pl\/wp-content\/uploads\/2025\/11\/inbound7557609716874169693-1152x1536.jpg 1152w, https:\/\/przedszkole182-krakow.edu.pl\/wp-content\/uploads\/2025\/11\/inbound7557609716874169693.jpg 1536w\" sizes=\"auto, (max-width: 768px) 100vw, 768px\" \/><\/figure>\n<\/figure>\n","protected":false},"excerpt":{"rendered":"<p>To by\u0142 dzie\u0144 pe\u0142en atrakcji: ciekawostki o dyniach, malowanie dy\u0144, wyklejanie prac plastycznych pestkami dyni, malowanie balon\u00f3w w kolorze pomara\u0144czowym, przeliczanie, por\u00f3wnywanie dy\u0144, zabawy z dyni\u0105 m.in. &#8222;Dynia parzy&#8221;. Niespodziank\u0105 by\u0142o pyszne dyniowe ciasto ,a do tego chrupi\u0105ce, bardzo zdrowe pestki dyni. Kulminacj\u0105 tego dnia by\u0142o ozdabianie dy\u0144 w ogrodzie przedszkolnym . Serdecznie dzi\u0119kujemy rodzicom [&hellip;]<\/p>\n","protected":false},"author":5,"featured_media":0,"comment_status":"closed","ping_status":"open","sticky":false,"template":"","format":"standard","meta":{"footnotes":""},"categories":[5],"tags":[],"class_list":["post-11294","post","type-post","status-publish","format-standard","hentry","category-galeria"],"_links":{"self":[{"href":"https:\/\/przedszkole182-krakow.edu.pl\/index.php?rest_route=\/wp\/v2\/posts\/11294","targetHints":{"allow":["GET"]}}],"collection":[{"href":"https:\/\/przedszkole182-krakow.edu.pl\/index.php?rest_route=\/wp\/v2\/posts"}],"about":[{"href":"https:\/\/przedszkole182-krakow.edu.pl\/index.php?rest_route=\/wp\/v2\/types\/post"}],"author":[{"embeddable":true,"href":"https:\/\/przedszkole182-krakow.edu.pl\/index.php?rest_route=\/wp\/v2\/users\/5"}],"replies":[{"embeddable":true,"href":"https:\/\/przedszkole182-krakow.edu.pl\/index.php?rest_route=%2Fwp%2Fv2%2Fcomments&post=11294"}],"version-history":[{"count":1,"href":"https:\/\/przedszkole182-krakow.edu.pl\/index.php?rest_route=\/wp\/v2\/posts\/11294\/revisions"}],"predecessor-version":[{"id":11323,"href":"https:\/\/przedszkole182-krakow.edu.pl\/index.php?rest_route=\/wp\/v2\/posts\/11294\/revisions\/11323"}],"wp:attachment":[{"href":"https:\/\/przedszkole182-krakow.edu.pl\/index.php?rest_route=%2Fwp%2Fv2%2Fmedia&parent=11294"}],"wp:term":[{"taxonomy":"category","embeddable":true,"href":"https:\/\/przedszkole182-krakow.edu.pl\/index.php?rest_route=%2Fwp%2Fv2%2Fcategories&post=11294"},{"taxonomy":"post_tag","embeddable":true,"href":"https:\/\/przedszkole182-krakow.edu.pl\/index.php?rest_route=%2Fwp%2Fv2%2Ftags&post=11294"}],"curies":[{"name":"wp","href":"https:\/\/api.w.org\/{rel}","templated":true}]}}