{"id":12406,"date":"2026-03-16T19:01:56","date_gmt":"2026-03-16T18:01:56","guid":{"rendered":"https:\/\/przedszkole182-krakow.edu.pl\/?p=12406"},"modified":"2026-03-16T19:03:47","modified_gmt":"2026-03-16T18:03:47","slug":"przedszkolaki-obserwatorami-przyrody","status":"publish","type":"post","link":"https:\/\/przedszkole182-krakow.edu.pl\/?p=12406","title":{"rendered":"Przedszkolaki obserwatorami przyrody"},"content":{"rendered":"\n<p>W naszym ogrodzie \u017cyje wiele ciekawych zwierz\u0105t, Przedszkolaki maj\u0105 mo\u017cliwo\u015b\u0107 obserwowania zaj\u0105ca szaraka, kt\u00f3ry mieszka pod zje\u017cd\u017calni\u0105, wiewi\u00f3rek, kt\u00f3re rado\u015bnie biegaj\u0105 i skacz\u0105 po naszych drzewach oraz ptak\u00f3w: s\u00f3jek, sikorek, kawek, go\u0142\u0119bi, wron, srok. Przedszkolakom uda\u0142o si\u0119 dojrze\u0107 kreta, kt\u00f3ry zaczyna\u0142 swoja prac\u0119  &#8211; dr\u0105\u017cenia tunelu. <\/p>\n\n\n\n<figure class=\"wp-block-gallery has-nested-images columns-default is-cropped wp-block-gallery-1 is-layout-flex wp-block-gallery-is-layout-flex\">\n<figure class=\"wp-block-image size-large\"><img loading=\"lazy\" decoding=\"async\" width=\"1024\" height=\"771\" data-id=\"12408\" src=\"https:\/\/przedszkole182-krakow.edu.pl\/wp-content\/uploads\/2026\/03\/inbound3836111789794457130-1024x771.jpg\" alt=\"\" class=\"wp-image-12408\" srcset=\"https:\/\/przedszkole182-krakow.edu.pl\/wp-content\/uploads\/2026\/03\/inbound3836111789794457130-1024x771.jpg 1024w, https:\/\/przedszkole182-krakow.edu.pl\/wp-content\/uploads\/2026\/03\/inbound3836111789794457130-300x226.jpg 300w, https:\/\/przedszkole182-krakow.edu.pl\/wp-content\/uploads\/2026\/03\/inbound3836111789794457130-768x578.jpg 768w, https:\/\/przedszkole182-krakow.edu.pl\/wp-content\/uploads\/2026\/03\/inbound3836111789794457130-1536x1157.jpg 1536w, https:\/\/przedszkole182-krakow.edu.pl\/wp-content\/uploads\/2026\/03\/inbound3836111789794457130-2048x1542.jpg 2048w\" sizes=\"auto, (max-width: 1024px) 100vw, 1024px\" \/><\/figure>\n\n\n\n<figure class=\"wp-block-image size-large\"><img loading=\"lazy\" decoding=\"async\" width=\"771\" height=\"1024\" data-id=\"12410\" src=\"https:\/\/przedszkole182-krakow.edu.pl\/wp-content\/uploads\/2026\/03\/inbound2194959037477288009-771x1024.jpg\" alt=\"\" class=\"wp-image-12410\" srcset=\"https:\/\/przedszkole182-krakow.edu.pl\/wp-content\/uploads\/2026\/03\/inbound2194959037477288009-771x1024.jpg 771w, https:\/\/przedszkole182-krakow.edu.pl\/wp-content\/uploads\/2026\/03\/inbound2194959037477288009-226x300.jpg 226w, https:\/\/przedszkole182-krakow.edu.pl\/wp-content\/uploads\/2026\/03\/inbound2194959037477288009-768x1020.jpg 768w, https:\/\/przedszkole182-krakow.edu.pl\/wp-content\/uploads\/2026\/03\/inbound2194959037477288009-1157x1536.jpg 1157w, https:\/\/przedszkole182-krakow.edu.pl\/wp-content\/uploads\/2026\/03\/inbound2194959037477288009-1542x2048.jpg 1542w, https:\/\/przedszkole182-krakow.edu.pl\/wp-content\/uploads\/2026\/03\/inbound2194959037477288009-scaled.jpg 1928w\" sizes=\"auto, (max-width: 771px) 100vw, 771px\" \/><\/figure>\n\n\n\n<figure class=\"wp-block-image size-large\"><img loading=\"lazy\" decoding=\"async\" width=\"771\" height=\"1024\" data-id=\"12409\" src=\"https:\/\/przedszkole182-krakow.edu.pl\/wp-content\/uploads\/2026\/03\/inbound3356463246692334580-771x1024.jpg\" alt=\"\" class=\"wp-image-12409\" srcset=\"https:\/\/przedszkole182-krakow.edu.pl\/wp-content\/uploads\/2026\/03\/inbound3356463246692334580-771x1024.jpg 771w, https:\/\/przedszkole182-krakow.edu.pl\/wp-content\/uploads\/2026\/03\/inbound3356463246692334580-226x300.jpg 226w, https:\/\/przedszkole182-krakow.edu.pl\/wp-content\/uploads\/2026\/03\/inbound3356463246692334580-768x1020.jpg 768w, https:\/\/przedszkole182-krakow.edu.pl\/wp-content\/uploads\/2026\/03\/inbound3356463246692334580-1157x1536.jpg 1157w, https:\/\/przedszkole182-krakow.edu.pl\/wp-content\/uploads\/2026\/03\/inbound3356463246692334580-1542x2048.jpg 1542w, https:\/\/przedszkole182-krakow.edu.pl\/wp-content\/uploads\/2026\/03\/inbound3356463246692334580-scaled.jpg 1928w\" sizes=\"auto, (max-width: 771px) 100vw, 771px\" \/><\/figure>\n\n\n\n<figure class=\"wp-block-image size-large\"><img loading=\"lazy\" decoding=\"async\" width=\"771\" height=\"1024\" data-id=\"12411\" src=\"https:\/\/przedszkole182-krakow.edu.pl\/wp-content\/uploads\/2026\/03\/inbound8730511054987223833-771x1024.jpg\" alt=\"\" class=\"wp-image-12411\" srcset=\"https:\/\/przedszkole182-krakow.edu.pl\/wp-content\/uploads\/2026\/03\/inbound8730511054987223833-771x1024.jpg 771w, https:\/\/przedszkole182-krakow.edu.pl\/wp-content\/uploads\/2026\/03\/inbound8730511054987223833-226x300.jpg 226w, https:\/\/przedszkole182-krakow.edu.pl\/wp-content\/uploads\/2026\/03\/inbound8730511054987223833-768x1020.jpg 768w, https:\/\/przedszkole182-krakow.edu.pl\/wp-content\/uploads\/2026\/03\/inbound8730511054987223833-1157x1536.jpg 1157w, https:\/\/przedszkole182-krakow.edu.pl\/wp-content\/uploads\/2026\/03\/inbound8730511054987223833-1542x2048.jpg 1542w, https:\/\/przedszkole182-krakow.edu.pl\/wp-content\/uploads\/2026\/03\/inbound8730511054987223833-scaled.jpg 1928w\" sizes=\"auto, (max-width: 771px) 100vw, 771px\" \/><\/figure>\n<\/figure>\n","protected":false},"excerpt":{"rendered":"<p>W naszym ogrodzie \u017cyje wiele ciekawych zwierz\u0105t, Przedszkolaki maj\u0105 mo\u017cliwo\u015b\u0107 obserwowania zaj\u0105ca szaraka, kt\u00f3ry mieszka pod zje\u017cd\u017calni\u0105, wiewi\u00f3rek, kt\u00f3re rado\u015bnie biegaj\u0105 i skacz\u0105 po naszych drzewach oraz ptak\u00f3w: s\u00f3jek, sikorek, kawek, go\u0142\u0119bi, wron, srok. Przedszkolakom uda\u0142o si\u0119 dojrze\u0107 kreta, kt\u00f3ry zaczyna\u0142 swoja prac\u0119 &#8211; dr\u0105\u017cenia tunelu.<\/p>\n","protected":false},"author":5,"featured_media":0,"comment_status":"closed","ping_status":"open","sticky":false,"template":"","format":"standard","meta":{"footnotes":""},"categories":[5],"tags":[],"class_list":["post-12406","post","type-post","status-publish","format-standard","hentry","category-galeria"],"_links":{"self":[{"href":"https:\/\/przedszkole182-krakow.edu.pl\/index.php?rest_route=\/wp\/v2\/posts\/12406","targetHints":{"allow":["GET"]}}],"collection":[{"href":"https:\/\/przedszkole182-krakow.edu.pl\/index.php?rest_route=\/wp\/v2\/posts"}],"about":[{"href":"https:\/\/przedszkole182-krakow.edu.pl\/index.php?rest_route=\/wp\/v2\/types\/post"}],"author":[{"embeddable":true,"href":"https:\/\/przedszkole182-krakow.edu.pl\/index.php?rest_route=\/wp\/v2\/users\/5"}],"replies":[{"embeddable":true,"href":"https:\/\/przedszkole182-krakow.edu.pl\/index.php?rest_route=%2Fwp%2Fv2%2Fcomments&post=12406"}],"version-history":[{"count":3,"href":"https:\/\/przedszkole182-krakow.edu.pl\/index.php?rest_route=\/wp\/v2\/posts\/12406\/revisions"}],"predecessor-version":[{"id":12413,"href":"https:\/\/przedszkole182-krakow.edu.pl\/index.php?rest_route=\/wp\/v2\/posts\/12406\/revisions\/12413"}],"wp:attachment":[{"href":"https:\/\/przedszkole182-krakow.edu.pl\/index.php?rest_route=%2Fwp%2Fv2%2Fmedia&parent=12406"}],"wp:term":[{"taxonomy":"category","embeddable":true,"href":"https:\/\/przedszkole182-krakow.edu.pl\/index.php?rest_route=%2Fwp%2Fv2%2Fcategories&post=12406"},{"taxonomy":"post_tag","embeddable":true,"href":"https:\/\/przedszkole182-krakow.edu.pl\/index.php?rest_route=%2Fwp%2Fv2%2Ftags&post=12406"}],"curies":[{"name":"wp","href":"https:\/\/api.w.org\/{rel}","templated":true}]}}