{"id":12982,"date":"2026-04-25T06:47:39","date_gmt":"2026-04-25T04:47:39","guid":{"rendered":"https:\/\/przedszkole182-krakow.edu.pl\/?p=12982"},"modified":"2026-04-25T06:47:39","modified_gmt":"2026-04-25T04:47:39","slug":"grupa-7-w-muzeum-armii-krajowej-im-gen-emila-fieldorfa-nila-w-krakowie","status":"publish","type":"post","link":"https:\/\/przedszkole182-krakow.edu.pl\/?p=12982","title":{"rendered":"Grupa 7 w Muzeum Armii Krajowej im. gen. Emila Fieldorfa ,,Nila&#8221; w Krakowie."},"content":{"rendered":"\n<p>W czasie wizyty poznali\u015bmy zwierz\u0119ta, kt\u00f3re zasila\u0142y szeregi r\u00f3\u017cnych armii \u015bwiata.<\/p>\n\n\n\n<figure class=\"wp-block-gallery has-nested-images columns-default is-cropped wp-block-gallery-1 is-layout-flex wp-block-gallery-is-layout-flex\">\n<figure class=\"wp-block-image size-large\"><img loading=\"lazy\" decoding=\"async\" width=\"1024\" height=\"768\" data-id=\"12983\" src=\"https:\/\/przedszkole182-krakow.edu.pl\/wp-content\/uploads\/2026\/04\/inbound8250212528784917261-1024x768.jpg\" alt=\"\" class=\"wp-image-12983\" srcset=\"https:\/\/przedszkole182-krakow.edu.pl\/wp-content\/uploads\/2026\/04\/inbound8250212528784917261-1024x768.jpg 1024w, https:\/\/przedszkole182-krakow.edu.pl\/wp-content\/uploads\/2026\/04\/inbound8250212528784917261-300x225.jpg 300w, https:\/\/przedszkole182-krakow.edu.pl\/wp-content\/uploads\/2026\/04\/inbound8250212528784917261-768x576.jpg 768w, https:\/\/przedszkole182-krakow.edu.pl\/wp-content\/uploads\/2026\/04\/inbound8250212528784917261-1536x1152.jpg 1536w, https:\/\/przedszkole182-krakow.edu.pl\/wp-content\/uploads\/2026\/04\/inbound8250212528784917261.jpg 1600w\" sizes=\"auto, (max-width: 1024px) 100vw, 1024px\" \/><\/figure>\n\n\n\n<figure class=\"wp-block-image size-large\"><img loading=\"lazy\" decoding=\"async\" width=\"768\" height=\"1024\" data-id=\"12988\" src=\"https:\/\/przedszkole182-krakow.edu.pl\/wp-content\/uploads\/2026\/04\/inbound8400517744031816420-768x1024.jpg\" alt=\"\" class=\"wp-image-12988\" srcset=\"https:\/\/przedszkole182-krakow.edu.pl\/wp-content\/uploads\/2026\/04\/inbound8400517744031816420-768x1024.jpg 768w, https:\/\/przedszkole182-krakow.edu.pl\/wp-content\/uploads\/2026\/04\/inbound8400517744031816420-225x300.jpg 225w, https:\/\/przedszkole182-krakow.edu.pl\/wp-content\/uploads\/2026\/04\/inbound8400517744031816420-1152x1536.jpg 1152w, https:\/\/przedszkole182-krakow.edu.pl\/wp-content\/uploads\/2026\/04\/inbound8400517744031816420.jpg 1200w\" sizes=\"auto, (max-width: 768px) 100vw, 768px\" \/><\/figure>\n\n\n\n<figure class=\"wp-block-image size-large\"><img loading=\"lazy\" decoding=\"async\" width=\"1024\" height=\"972\" data-id=\"12985\" src=\"https:\/\/przedszkole182-krakow.edu.pl\/wp-content\/uploads\/2026\/04\/inbound434738662238785403-1024x972.jpg\" alt=\"\" class=\"wp-image-12985\" srcset=\"https:\/\/przedszkole182-krakow.edu.pl\/wp-content\/uploads\/2026\/04\/inbound434738662238785403-1024x972.jpg 1024w, https:\/\/przedszkole182-krakow.edu.pl\/wp-content\/uploads\/2026\/04\/inbound434738662238785403-300x285.jpg 300w, https:\/\/przedszkole182-krakow.edu.pl\/wp-content\/uploads\/2026\/04\/inbound434738662238785403-768x729.jpg 768w, https:\/\/przedszkole182-krakow.edu.pl\/wp-content\/uploads\/2026\/04\/inbound434738662238785403-1536x1457.jpg 1536w, https:\/\/przedszkole182-krakow.edu.pl\/wp-content\/uploads\/2026\/04\/inbound434738662238785403.jpg 1600w\" sizes=\"auto, (max-width: 1024px) 100vw, 1024px\" \/><\/figure>\n\n\n\n<figure class=\"wp-block-image size-large\"><img loading=\"lazy\" decoding=\"async\" width=\"1024\" height=\"978\" data-id=\"12986\" src=\"https:\/\/przedszkole182-krakow.edu.pl\/wp-content\/uploads\/2026\/04\/inbound1684934572480741719-1024x978.jpg\" alt=\"\" class=\"wp-image-12986\" srcset=\"https:\/\/przedszkole182-krakow.edu.pl\/wp-content\/uploads\/2026\/04\/inbound1684934572480741719-1024x978.jpg 1024w, https:\/\/przedszkole182-krakow.edu.pl\/wp-content\/uploads\/2026\/04\/inbound1684934572480741719-300x287.jpg 300w, https:\/\/przedszkole182-krakow.edu.pl\/wp-content\/uploads\/2026\/04\/inbound1684934572480741719-768x733.jpg 768w, https:\/\/przedszkole182-krakow.edu.pl\/wp-content\/uploads\/2026\/04\/inbound1684934572480741719-1536x1467.jpg 1536w, https:\/\/przedszkole182-krakow.edu.pl\/wp-content\/uploads\/2026\/04\/inbound1684934572480741719.jpg 1600w\" sizes=\"auto, (max-width: 1024px) 100vw, 1024px\" \/><\/figure>\n\n\n\n<figure class=\"wp-block-image size-large\"><img loading=\"lazy\" decoding=\"async\" width=\"1024\" height=\"768\" data-id=\"12984\" src=\"https:\/\/przedszkole182-krakow.edu.pl\/wp-content\/uploads\/2026\/04\/inbound3366450445583589229-1024x768.jpg\" alt=\"\" class=\"wp-image-12984\" srcset=\"https:\/\/przedszkole182-krakow.edu.pl\/wp-content\/uploads\/2026\/04\/inbound3366450445583589229-1024x768.jpg 1024w, https:\/\/przedszkole182-krakow.edu.pl\/wp-content\/uploads\/2026\/04\/inbound3366450445583589229-300x225.jpg 300w, https:\/\/przedszkole182-krakow.edu.pl\/wp-content\/uploads\/2026\/04\/inbound3366450445583589229-768x576.jpg 768w, https:\/\/przedszkole182-krakow.edu.pl\/wp-content\/uploads\/2026\/04\/inbound3366450445583589229-1536x1152.jpg 1536w, https:\/\/przedszkole182-krakow.edu.pl\/wp-content\/uploads\/2026\/04\/inbound3366450445583589229.jpg 1600w\" sizes=\"auto, (max-width: 1024px) 100vw, 1024px\" \/><\/figure>\n\n\n\n<figure class=\"wp-block-image size-large\"><img loading=\"lazy\" decoding=\"async\" width=\"1024\" height=\"768\" data-id=\"12987\" src=\"https:\/\/przedszkole182-krakow.edu.pl\/wp-content\/uploads\/2026\/04\/inbound6304660676028062562-1024x768.jpg\" alt=\"\" class=\"wp-image-12987\" srcset=\"https:\/\/przedszkole182-krakow.edu.pl\/wp-content\/uploads\/2026\/04\/inbound6304660676028062562-1024x768.jpg 1024w, https:\/\/przedszkole182-krakow.edu.pl\/wp-content\/uploads\/2026\/04\/inbound6304660676028062562-300x225.jpg 300w, https:\/\/przedszkole182-krakow.edu.pl\/wp-content\/uploads\/2026\/04\/inbound6304660676028062562-768x576.jpg 768w, https:\/\/przedszkole182-krakow.edu.pl\/wp-content\/uploads\/2026\/04\/inbound6304660676028062562-1536x1152.jpg 1536w, https:\/\/przedszkole182-krakow.edu.pl\/wp-content\/uploads\/2026\/04\/inbound6304660676028062562.jpg 1600w\" sizes=\"auto, (max-width: 1024px) 100vw, 1024px\" \/><\/figure>\n\n\n\n<figure class=\"wp-block-image size-large\"><img loading=\"lazy\" decoding=\"async\" width=\"1024\" height=\"768\" data-id=\"12989\" src=\"https:\/\/przedszkole182-krakow.edu.pl\/wp-content\/uploads\/2026\/04\/inbound1812199833097882762-1024x768.jpg\" alt=\"\" class=\"wp-image-12989\" srcset=\"https:\/\/przedszkole182-krakow.edu.pl\/wp-content\/uploads\/2026\/04\/inbound1812199833097882762-1024x768.jpg 1024w, https:\/\/przedszkole182-krakow.edu.pl\/wp-content\/uploads\/2026\/04\/inbound1812199833097882762-300x225.jpg 300w, https:\/\/przedszkole182-krakow.edu.pl\/wp-content\/uploads\/2026\/04\/inbound1812199833097882762-768x576.jpg 768w, https:\/\/przedszkole182-krakow.edu.pl\/wp-content\/uploads\/2026\/04\/inbound1812199833097882762-1536x1152.jpg 1536w, https:\/\/przedszkole182-krakow.edu.pl\/wp-content\/uploads\/2026\/04\/inbound1812199833097882762.jpg 1600w\" sizes=\"auto, (max-width: 1024px) 100vw, 1024px\" \/><\/figure>\n\n\n\n<figure class=\"wp-block-image size-large\"><img loading=\"lazy\" decoding=\"async\" width=\"1024\" height=\"768\" data-id=\"12990\" src=\"https:\/\/przedszkole182-krakow.edu.pl\/wp-content\/uploads\/2026\/04\/inbound1207987512995821219-1024x768.jpg\" alt=\"\" class=\"wp-image-12990\" srcset=\"https:\/\/przedszkole182-krakow.edu.pl\/wp-content\/uploads\/2026\/04\/inbound1207987512995821219-1024x768.jpg 1024w, https:\/\/przedszkole182-krakow.edu.pl\/wp-content\/uploads\/2026\/04\/inbound1207987512995821219-300x225.jpg 300w, https:\/\/przedszkole182-krakow.edu.pl\/wp-content\/uploads\/2026\/04\/inbound1207987512995821219-768x576.jpg 768w, https:\/\/przedszkole182-krakow.edu.pl\/wp-content\/uploads\/2026\/04\/inbound1207987512995821219-1536x1152.jpg 1536w, https:\/\/przedszkole182-krakow.edu.pl\/wp-content\/uploads\/2026\/04\/inbound1207987512995821219.jpg 1600w\" sizes=\"auto, (max-width: 1024px) 100vw, 1024px\" \/><\/figure>\n\n\n\n<figure class=\"wp-block-image size-large\"><img loading=\"lazy\" decoding=\"async\" width=\"1024\" height=\"768\" data-id=\"12991\" src=\"https:\/\/przedszkole182-krakow.edu.pl\/wp-content\/uploads\/2026\/04\/inbound5070711996451859000-1024x768.jpg\" alt=\"\" class=\"wp-image-12991\" srcset=\"https:\/\/przedszkole182-krakow.edu.pl\/wp-content\/uploads\/2026\/04\/inbound5070711996451859000-1024x768.jpg 1024w, https:\/\/przedszkole182-krakow.edu.pl\/wp-content\/uploads\/2026\/04\/inbound5070711996451859000-300x225.jpg 300w, https:\/\/przedszkole182-krakow.edu.pl\/wp-content\/uploads\/2026\/04\/inbound5070711996451859000-768x576.jpg 768w, https:\/\/przedszkole182-krakow.edu.pl\/wp-content\/uploads\/2026\/04\/inbound5070711996451859000-1536x1152.jpg 1536w, https:\/\/przedszkole182-krakow.edu.pl\/wp-content\/uploads\/2026\/04\/inbound5070711996451859000.jpg 1600w\" sizes=\"auto, (max-width: 1024px) 100vw, 1024px\" \/><\/figure>\n\n\n\n<figure class=\"wp-block-image size-large\"><img loading=\"lazy\" decoding=\"async\" width=\"922\" height=\"1024\" data-id=\"12992\" src=\"https:\/\/przedszkole182-krakow.edu.pl\/wp-content\/uploads\/2026\/04\/inbound6791021792059140598-922x1024.jpg\" alt=\"\" class=\"wp-image-12992\" srcset=\"https:\/\/przedszkole182-krakow.edu.pl\/wp-content\/uploads\/2026\/04\/inbound6791021792059140598-922x1024.jpg 922w, https:\/\/przedszkole182-krakow.edu.pl\/wp-content\/uploads\/2026\/04\/inbound6791021792059140598-270x300.jpg 270w, https:\/\/przedszkole182-krakow.edu.pl\/wp-content\/uploads\/2026\/04\/inbound6791021792059140598-768x853.jpg 768w, https:\/\/przedszkole182-krakow.edu.pl\/wp-content\/uploads\/2026\/04\/inbound6791021792059140598-1383x1536.jpg 1383w, https:\/\/przedszkole182-krakow.edu.pl\/wp-content\/uploads\/2026\/04\/inbound6791021792059140598.jpg 1405w\" sizes=\"auto, (max-width: 922px) 100vw, 922px\" \/><\/figure>\n\n\n\n<figure class=\"wp-block-image size-large\"><img loading=\"lazy\" decoding=\"async\" width=\"1024\" height=\"768\" data-id=\"12994\" src=\"https:\/\/przedszkole182-krakow.edu.pl\/wp-content\/uploads\/2026\/04\/inbound4700963600539140547-1024x768.jpg\" alt=\"\" class=\"wp-image-12994\" srcset=\"https:\/\/przedszkole182-krakow.edu.pl\/wp-content\/uploads\/2026\/04\/inbound4700963600539140547-1024x768.jpg 1024w, https:\/\/przedszkole182-krakow.edu.pl\/wp-content\/uploads\/2026\/04\/inbound4700963600539140547-300x225.jpg 300w, https:\/\/przedszkole182-krakow.edu.pl\/wp-content\/uploads\/2026\/04\/inbound4700963600539140547-768x576.jpg 768w, https:\/\/przedszkole182-krakow.edu.pl\/wp-content\/uploads\/2026\/04\/inbound4700963600539140547-1536x1152.jpg 1536w, https:\/\/przedszkole182-krakow.edu.pl\/wp-content\/uploads\/2026\/04\/inbound4700963600539140547.jpg 1600w\" sizes=\"auto, (max-width: 1024px) 100vw, 1024px\" \/><\/figure>\n\n\n\n<figure class=\"wp-block-image size-large\"><img loading=\"lazy\" decoding=\"async\" width=\"1024\" height=\"768\" data-id=\"12993\" src=\"https:\/\/przedszkole182-krakow.edu.pl\/wp-content\/uploads\/2026\/04\/inbound5988979088650393824-1024x768.jpg\" alt=\"\" class=\"wp-image-12993\" srcset=\"https:\/\/przedszkole182-krakow.edu.pl\/wp-content\/uploads\/2026\/04\/inbound5988979088650393824-1024x768.jpg 1024w, https:\/\/przedszkole182-krakow.edu.pl\/wp-content\/uploads\/2026\/04\/inbound5988979088650393824-300x225.jpg 300w, https:\/\/przedszkole182-krakow.edu.pl\/wp-content\/uploads\/2026\/04\/inbound5988979088650393824-768x576.jpg 768w, https:\/\/przedszkole182-krakow.edu.pl\/wp-content\/uploads\/2026\/04\/inbound5988979088650393824-1536x1152.jpg 1536w, https:\/\/przedszkole182-krakow.edu.pl\/wp-content\/uploads\/2026\/04\/inbound5988979088650393824.jpg 1600w\" sizes=\"auto, (max-width: 1024px) 100vw, 1024px\" \/><\/figure>\n<\/figure>\n","protected":false},"excerpt":{"rendered":"<p>W czasie wizyty poznali\u015bmy zwierz\u0119ta, kt\u00f3re zasila\u0142y szeregi r\u00f3\u017cnych armii \u015bwiata.<\/p>\n","protected":false},"author":5,"featured_media":0,"comment_status":"closed","ping_status":"open","sticky":false,"template":"","format":"standard","meta":{"footnotes":""},"categories":[5],"tags":[],"class_list":["post-12982","post","type-post","status-publish","format-standard","hentry","category-galeria"],"_links":{"self":[{"href":"https:\/\/przedszkole182-krakow.edu.pl\/index.php?rest_route=\/wp\/v2\/posts\/12982","targetHints":{"allow":["GET"]}}],"collection":[{"href":"https:\/\/przedszkole182-krakow.edu.pl\/index.php?rest_route=\/wp\/v2\/posts"}],"about":[{"href":"https:\/\/przedszkole182-krakow.edu.pl\/index.php?rest_route=\/wp\/v2\/types\/post"}],"author":[{"embeddable":true,"href":"https:\/\/przedszkole182-krakow.edu.pl\/index.php?rest_route=\/wp\/v2\/users\/5"}],"replies":[{"embeddable":true,"href":"https:\/\/przedszkole182-krakow.edu.pl\/index.php?rest_route=%2Fwp%2Fv2%2Fcomments&post=12982"}],"version-history":[{"count":1,"href":"https:\/\/przedszkole182-krakow.edu.pl\/index.php?rest_route=\/wp\/v2\/posts\/12982\/revisions"}],"predecessor-version":[{"id":12995,"href":"https:\/\/przedszkole182-krakow.edu.pl\/index.php?rest_route=\/wp\/v2\/posts\/12982\/revisions\/12995"}],"wp:attachment":[{"href":"https:\/\/przedszkole182-krakow.edu.pl\/index.php?rest_route=%2Fwp%2Fv2%2Fmedia&parent=12982"}],"wp:term":[{"taxonomy":"category","embeddable":true,"href":"https:\/\/przedszkole182-krakow.edu.pl\/index.php?rest_route=%2Fwp%2Fv2%2Fcategories&post=12982"},{"taxonomy":"post_tag","embeddable":true,"href":"https:\/\/przedszkole182-krakow.edu.pl\/index.php?rest_route=%2Fwp%2Fv2%2Ftags&post=12982"}],"curies":[{"name":"wp","href":"https:\/\/api.w.org\/{rel}","templated":true}]}}