{"id":12997,"date":"2026-04-28T16:32:49","date_gmt":"2026-04-28T14:32:49","guid":{"rendered":"https:\/\/przedszkole182-krakow.edu.pl\/?p=12997"},"modified":"2026-04-28T16:32:49","modified_gmt":"2026-04-28T14:32:49","slug":"pyza-na-polskich-drozkach-gr3-w-teatrze-ludowym","status":"publish","type":"post","link":"https:\/\/przedszkole182-krakow.edu.pl\/?p=12997","title":{"rendered":"Pyza na polskich dr\u00f3\u017ckach Gr3 w Teatrze Ludowym"},"content":{"rendered":"\n<p>28.04.26 Gr 3 zwiedza\u0142a nasz kraj razem z Pyz\u0105! Polskie dr\u00f3\u017cki przemierzali\u015bmy w rytmie znanych nam utwor\u00f3w ludowych. Przedstawienie zrobi\u0142o ogromne wra\u017canie na naszych Przedszkolakach!<\/p>\n\n\n\n<figure class=\"wp-block-gallery has-nested-images columns-default is-cropped wp-block-gallery-1 is-layout-flex wp-block-gallery-is-layout-flex\">\n<figure class=\"wp-block-image size-large\"><img loading=\"lazy\" decoding=\"async\" width=\"771\" height=\"1024\" data-id=\"13003\" src=\"https:\/\/przedszkole182-krakow.edu.pl\/wp-content\/uploads\/2026\/04\/inbound2349263802386514799-771x1024.jpg\" alt=\"\" class=\"wp-image-13003\" srcset=\"https:\/\/przedszkole182-krakow.edu.pl\/wp-content\/uploads\/2026\/04\/inbound2349263802386514799-771x1024.jpg 771w, https:\/\/przedszkole182-krakow.edu.pl\/wp-content\/uploads\/2026\/04\/inbound2349263802386514799-226x300.jpg 226w, https:\/\/przedszkole182-krakow.edu.pl\/wp-content\/uploads\/2026\/04\/inbound2349263802386514799-768x1021.jpg 768w, https:\/\/przedszkole182-krakow.edu.pl\/wp-content\/uploads\/2026\/04\/inbound2349263802386514799-1156x1536.jpg 1156w, https:\/\/przedszkole182-krakow.edu.pl\/wp-content\/uploads\/2026\/04\/inbound2349263802386514799.jpg 1204w\" sizes=\"auto, (max-width: 771px) 100vw, 771px\" \/><\/figure>\n\n\n\n<figure class=\"wp-block-image size-large\"><img loading=\"lazy\" decoding=\"async\" width=\"1024\" height=\"771\" data-id=\"13004\" src=\"https:\/\/przedszkole182-krakow.edu.pl\/wp-content\/uploads\/2026\/04\/inbound1329594470032887422-1024x771.jpg\" alt=\"\" class=\"wp-image-13004\" srcset=\"https:\/\/przedszkole182-krakow.edu.pl\/wp-content\/uploads\/2026\/04\/inbound1329594470032887422-1024x771.jpg 1024w, https:\/\/przedszkole182-krakow.edu.pl\/wp-content\/uploads\/2026\/04\/inbound1329594470032887422-300x226.jpg 300w, https:\/\/przedszkole182-krakow.edu.pl\/wp-content\/uploads\/2026\/04\/inbound1329594470032887422-768x578.jpg 768w, https:\/\/przedszkole182-krakow.edu.pl\/wp-content\/uploads\/2026\/04\/inbound1329594470032887422-1536x1157.jpg 1536w, https:\/\/przedszkole182-krakow.edu.pl\/wp-content\/uploads\/2026\/04\/inbound1329594470032887422-2048x1542.jpg 2048w\" sizes=\"auto, (max-width: 1024px) 100vw, 1024px\" \/><\/figure>\n\n\n\n<figure class=\"wp-block-image size-large\"><img loading=\"lazy\" decoding=\"async\" width=\"1024\" height=\"771\" data-id=\"13005\" src=\"https:\/\/przedszkole182-krakow.edu.pl\/wp-content\/uploads\/2026\/04\/inbound6887050261034768536-1024x771.jpg\" alt=\"\" class=\"wp-image-13005\" srcset=\"https:\/\/przedszkole182-krakow.edu.pl\/wp-content\/uploads\/2026\/04\/inbound6887050261034768536-1024x771.jpg 1024w, https:\/\/przedszkole182-krakow.edu.pl\/wp-content\/uploads\/2026\/04\/inbound6887050261034768536-300x226.jpg 300w, https:\/\/przedszkole182-krakow.edu.pl\/wp-content\/uploads\/2026\/04\/inbound6887050261034768536-768x578.jpg 768w, https:\/\/przedszkole182-krakow.edu.pl\/wp-content\/uploads\/2026\/04\/inbound6887050261034768536-1536x1157.jpg 1536w, https:\/\/przedszkole182-krakow.edu.pl\/wp-content\/uploads\/2026\/04\/inbound6887050261034768536-2048x1542.jpg 2048w\" sizes=\"auto, (max-width: 1024px) 100vw, 1024px\" \/><\/figure>\n\n\n\n<figure class=\"wp-block-image size-large\"><img loading=\"lazy\" decoding=\"async\" width=\"1024\" height=\"771\" data-id=\"13006\" src=\"https:\/\/przedszkole182-krakow.edu.pl\/wp-content\/uploads\/2026\/04\/inbound6180645787684086881-1024x771.jpg\" alt=\"\" class=\"wp-image-13006\" srcset=\"https:\/\/przedszkole182-krakow.edu.pl\/wp-content\/uploads\/2026\/04\/inbound6180645787684086881-1024x771.jpg 1024w, https:\/\/przedszkole182-krakow.edu.pl\/wp-content\/uploads\/2026\/04\/inbound6180645787684086881-300x226.jpg 300w, https:\/\/przedszkole182-krakow.edu.pl\/wp-content\/uploads\/2026\/04\/inbound6180645787684086881-768x578.jpg 768w, https:\/\/przedszkole182-krakow.edu.pl\/wp-content\/uploads\/2026\/04\/inbound6180645787684086881-1536x1157.jpg 1536w, https:\/\/przedszkole182-krakow.edu.pl\/wp-content\/uploads\/2026\/04\/inbound6180645787684086881-2048x1542.jpg 2048w\" sizes=\"auto, (max-width: 1024px) 100vw, 1024px\" \/><\/figure>\n\n\n\n<figure class=\"wp-block-image size-large\"><img loading=\"lazy\" decoding=\"async\" width=\"1024\" height=\"771\" data-id=\"13007\" src=\"https:\/\/przedszkole182-krakow.edu.pl\/wp-content\/uploads\/2026\/04\/inbound6243840380956298869-1024x771.jpg\" alt=\"\" class=\"wp-image-13007\" srcset=\"https:\/\/przedszkole182-krakow.edu.pl\/wp-content\/uploads\/2026\/04\/inbound6243840380956298869-1024x771.jpg 1024w, https:\/\/przedszkole182-krakow.edu.pl\/wp-content\/uploads\/2026\/04\/inbound6243840380956298869-300x226.jpg 300w, https:\/\/przedszkole182-krakow.edu.pl\/wp-content\/uploads\/2026\/04\/inbound6243840380956298869-768x578.jpg 768w, https:\/\/przedszkole182-krakow.edu.pl\/wp-content\/uploads\/2026\/04\/inbound6243840380956298869-1536x1157.jpg 1536w, https:\/\/przedszkole182-krakow.edu.pl\/wp-content\/uploads\/2026\/04\/inbound6243840380956298869-2048x1542.jpg 2048w\" sizes=\"auto, (max-width: 1024px) 100vw, 1024px\" \/><\/figure>\n\n\n\n<figure class=\"wp-block-image size-large\"><img loading=\"lazy\" decoding=\"async\" width=\"1024\" height=\"771\" data-id=\"13008\" src=\"https:\/\/przedszkole182-krakow.edu.pl\/wp-content\/uploads\/2026\/04\/inbound3137048307334591486-1024x771.jpg\" alt=\"\" class=\"wp-image-13008\" srcset=\"https:\/\/przedszkole182-krakow.edu.pl\/wp-content\/uploads\/2026\/04\/inbound3137048307334591486-1024x771.jpg 1024w, https:\/\/przedszkole182-krakow.edu.pl\/wp-content\/uploads\/2026\/04\/inbound3137048307334591486-300x226.jpg 300w, https:\/\/przedszkole182-krakow.edu.pl\/wp-content\/uploads\/2026\/04\/inbound3137048307334591486-768x578.jpg 768w, https:\/\/przedszkole182-krakow.edu.pl\/wp-content\/uploads\/2026\/04\/inbound3137048307334591486-1536x1157.jpg 1536w, https:\/\/przedszkole182-krakow.edu.pl\/wp-content\/uploads\/2026\/04\/inbound3137048307334591486-2048x1542.jpg 2048w\" sizes=\"auto, (max-width: 1024px) 100vw, 1024px\" \/><\/figure>\n\n\n\n<figure class=\"wp-block-image size-large\"><img loading=\"lazy\" decoding=\"async\" width=\"771\" height=\"1024\" data-id=\"13009\" src=\"https:\/\/przedszkole182-krakow.edu.pl\/wp-content\/uploads\/2026\/04\/inbound5961018165847467388-771x1024.jpg\" alt=\"\" class=\"wp-image-13009\" srcset=\"https:\/\/przedszkole182-krakow.edu.pl\/wp-content\/uploads\/2026\/04\/inbound5961018165847467388-771x1024.jpg 771w, https:\/\/przedszkole182-krakow.edu.pl\/wp-content\/uploads\/2026\/04\/inbound5961018165847467388-226x300.jpg 226w, https:\/\/przedszkole182-krakow.edu.pl\/wp-content\/uploads\/2026\/04\/inbound5961018165847467388-768x1020.jpg 768w, https:\/\/przedszkole182-krakow.edu.pl\/wp-content\/uploads\/2026\/04\/inbound5961018165847467388-1157x1536.jpg 1157w, https:\/\/przedszkole182-krakow.edu.pl\/wp-content\/uploads\/2026\/04\/inbound5961018165847467388-1542x2048.jpg 1542w, https:\/\/przedszkole182-krakow.edu.pl\/wp-content\/uploads\/2026\/04\/inbound5961018165847467388-scaled.jpg 1928w\" sizes=\"auto, (max-width: 771px) 100vw, 771px\" \/><\/figure>\n\n\n\n<figure class=\"wp-block-image size-large\"><img loading=\"lazy\" decoding=\"async\" width=\"1024\" height=\"771\" data-id=\"13010\" src=\"https:\/\/przedszkole182-krakow.edu.pl\/wp-content\/uploads\/2026\/04\/inbound2763532178859447554-1024x771.jpg\" alt=\"\" class=\"wp-image-13010\" srcset=\"https:\/\/przedszkole182-krakow.edu.pl\/wp-content\/uploads\/2026\/04\/inbound2763532178859447554-1024x771.jpg 1024w, https:\/\/przedszkole182-krakow.edu.pl\/wp-content\/uploads\/2026\/04\/inbound2763532178859447554-300x226.jpg 300w, https:\/\/przedszkole182-krakow.edu.pl\/wp-content\/uploads\/2026\/04\/inbound2763532178859447554-768x578.jpg 768w, https:\/\/przedszkole182-krakow.edu.pl\/wp-content\/uploads\/2026\/04\/inbound2763532178859447554-1536x1157.jpg 1536w, https:\/\/przedszkole182-krakow.edu.pl\/wp-content\/uploads\/2026\/04\/inbound2763532178859447554-2048x1542.jpg 2048w\" sizes=\"auto, (max-width: 1024px) 100vw, 1024px\" \/><\/figure>\n\n\n\n<figure class=\"wp-block-image size-large\"><img loading=\"lazy\" decoding=\"async\" width=\"771\" height=\"1024\" data-id=\"13011\" src=\"https:\/\/przedszkole182-krakow.edu.pl\/wp-content\/uploads\/2026\/04\/inbound3361327598066837263-771x1024.jpg\" alt=\"\" class=\"wp-image-13011\" srcset=\"https:\/\/przedszkole182-krakow.edu.pl\/wp-content\/uploads\/2026\/04\/inbound3361327598066837263-771x1024.jpg 771w, https:\/\/przedszkole182-krakow.edu.pl\/wp-content\/uploads\/2026\/04\/inbound3361327598066837263-226x300.jpg 226w, https:\/\/przedszkole182-krakow.edu.pl\/wp-content\/uploads\/2026\/04\/inbound3361327598066837263-768x1020.jpg 768w, https:\/\/przedszkole182-krakow.edu.pl\/wp-content\/uploads\/2026\/04\/inbound3361327598066837263-1157x1536.jpg 1157w, https:\/\/przedszkole182-krakow.edu.pl\/wp-content\/uploads\/2026\/04\/inbound3361327598066837263-1542x2048.jpg 1542w, https:\/\/przedszkole182-krakow.edu.pl\/wp-content\/uploads\/2026\/04\/inbound3361327598066837263-scaled.jpg 1928w\" sizes=\"auto, (max-width: 771px) 100vw, 771px\" \/><\/figure>\n<\/figure>\n","protected":false},"excerpt":{"rendered":"<p>28.04.26 Gr 3 zwiedza\u0142a nasz kraj razem z Pyz\u0105! Polskie dr\u00f3\u017cki przemierzali\u015bmy w rytmie znanych nam utwor\u00f3w ludowych. Przedstawienie zrobi\u0142o ogromne wra\u017canie na naszych Przedszkolakach!<\/p>\n","protected":false},"author":5,"featured_media":0,"comment_status":"closed","ping_status":"open","sticky":false,"template":"","format":"standard","meta":{"footnotes":""},"categories":[5],"tags":[],"class_list":["post-12997","post","type-post","status-publish","format-standard","hentry","category-galeria"],"_links":{"self":[{"href":"https:\/\/przedszkole182-krakow.edu.pl\/index.php?rest_route=\/wp\/v2\/posts\/12997","targetHints":{"allow":["GET"]}}],"collection":[{"href":"https:\/\/przedszkole182-krakow.edu.pl\/index.php?rest_route=\/wp\/v2\/posts"}],"about":[{"href":"https:\/\/przedszkole182-krakow.edu.pl\/index.php?rest_route=\/wp\/v2\/types\/post"}],"author":[{"embeddable":true,"href":"https:\/\/przedszkole182-krakow.edu.pl\/index.php?rest_route=\/wp\/v2\/users\/5"}],"replies":[{"embeddable":true,"href":"https:\/\/przedszkole182-krakow.edu.pl\/index.php?rest_route=%2Fwp%2Fv2%2Fcomments&post=12997"}],"version-history":[{"count":1,"href":"https:\/\/przedszkole182-krakow.edu.pl\/index.php?rest_route=\/wp\/v2\/posts\/12997\/revisions"}],"predecessor-version":[{"id":13012,"href":"https:\/\/przedszkole182-krakow.edu.pl\/index.php?rest_route=\/wp\/v2\/posts\/12997\/revisions\/13012"}],"wp:attachment":[{"href":"https:\/\/przedszkole182-krakow.edu.pl\/index.php?rest_route=%2Fwp%2Fv2%2Fmedia&parent=12997"}],"wp:term":[{"taxonomy":"category","embeddable":true,"href":"https:\/\/przedszkole182-krakow.edu.pl\/index.php?rest_route=%2Fwp%2Fv2%2Fcategories&post=12997"},{"taxonomy":"post_tag","embeddable":true,"href":"https:\/\/przedszkole182-krakow.edu.pl\/index.php?rest_route=%2Fwp%2Fv2%2Ftags&post=12997"}],"curies":[{"name":"wp","href":"https:\/\/api.w.org\/{rel}","templated":true}]}}