{"id":12998,"date":"2026-04-28T16:31:40","date_gmt":"2026-04-28T14:31:40","guid":{"rendered":"https:\/\/przedszkole182-krakow.edu.pl\/?p=12998"},"modified":"2026-04-28T18:24:24","modified_gmt":"2026-04-28T16:24:24","slug":"patriotyczne-swieta-majowe-w-naszym-przedszkolu","status":"publish","type":"post","link":"https:\/\/przedszkole182-krakow.edu.pl\/?p=12998","title":{"rendered":"Dzie\u0144 Flagi i \u015awi\u0119to Konstytucji w pracach plastycznych dzieci"},"content":{"rendered":"\n<figure class=\"wp-block-gallery has-nested-images columns-default is-cropped wp-block-gallery-1 is-layout-flex wp-block-gallery-is-layout-flex\">\n<figure class=\"wp-block-image size-large\"><img loading=\"lazy\" decoding=\"async\" width=\"771\" height=\"1024\" data-id=\"12999\" src=\"https:\/\/przedszkole182-krakow.edu.pl\/wp-content\/uploads\/2026\/04\/inbound4661512474848856821-771x1024.jpg\" alt=\"\" class=\"wp-image-12999\" srcset=\"https:\/\/przedszkole182-krakow.edu.pl\/wp-content\/uploads\/2026\/04\/inbound4661512474848856821-771x1024.jpg 771w, https:\/\/przedszkole182-krakow.edu.pl\/wp-content\/uploads\/2026\/04\/inbound4661512474848856821-226x300.jpg 226w, https:\/\/przedszkole182-krakow.edu.pl\/wp-content\/uploads\/2026\/04\/inbound4661512474848856821-768x1020.jpg 768w, https:\/\/przedszkole182-krakow.edu.pl\/wp-content\/uploads\/2026\/04\/inbound4661512474848856821-1157x1536.jpg 1157w, https:\/\/przedszkole182-krakow.edu.pl\/wp-content\/uploads\/2026\/04\/inbound4661512474848856821-1542x2048.jpg 1542w, https:\/\/przedszkole182-krakow.edu.pl\/wp-content\/uploads\/2026\/04\/inbound4661512474848856821-scaled.jpg 1928w\" sizes=\"auto, (max-width: 771px) 100vw, 771px\" \/><\/figure>\n\n\n\n<figure class=\"wp-block-image size-large\"><img loading=\"lazy\" decoding=\"async\" width=\"771\" height=\"1024\" data-id=\"13001\" src=\"https:\/\/przedszkole182-krakow.edu.pl\/wp-content\/uploads\/2026\/04\/inbound7997132747627872854-771x1024.jpg\" alt=\"\" class=\"wp-image-13001\" srcset=\"https:\/\/przedszkole182-krakow.edu.pl\/wp-content\/uploads\/2026\/04\/inbound7997132747627872854-771x1024.jpg 771w, https:\/\/przedszkole182-krakow.edu.pl\/wp-content\/uploads\/2026\/04\/inbound7997132747627872854-226x300.jpg 226w, https:\/\/przedszkole182-krakow.edu.pl\/wp-content\/uploads\/2026\/04\/inbound7997132747627872854-768x1020.jpg 768w, https:\/\/przedszkole182-krakow.edu.pl\/wp-content\/uploads\/2026\/04\/inbound7997132747627872854-1157x1536.jpg 1157w, https:\/\/przedszkole182-krakow.edu.pl\/wp-content\/uploads\/2026\/04\/inbound7997132747627872854-1542x2048.jpg 1542w, https:\/\/przedszkole182-krakow.edu.pl\/wp-content\/uploads\/2026\/04\/inbound7997132747627872854-scaled.jpg 1928w\" sizes=\"auto, (max-width: 771px) 100vw, 771px\" \/><\/figure>\n\n\n\n<figure class=\"wp-block-image size-large\"><img loading=\"lazy\" decoding=\"async\" width=\"771\" height=\"1024\" data-id=\"13000\" src=\"https:\/\/przedszkole182-krakow.edu.pl\/wp-content\/uploads\/2026\/04\/inbound6535751672721212152-771x1024.jpg\" alt=\"\" class=\"wp-image-13000\" srcset=\"https:\/\/przedszkole182-krakow.edu.pl\/wp-content\/uploads\/2026\/04\/inbound6535751672721212152-771x1024.jpg 771w, https:\/\/przedszkole182-krakow.edu.pl\/wp-content\/uploads\/2026\/04\/inbound6535751672721212152-226x300.jpg 226w, https:\/\/przedszkole182-krakow.edu.pl\/wp-content\/uploads\/2026\/04\/inbound6535751672721212152-768x1020.jpg 768w, https:\/\/przedszkole182-krakow.edu.pl\/wp-content\/uploads\/2026\/04\/inbound6535751672721212152-1157x1536.jpg 1157w, https:\/\/przedszkole182-krakow.edu.pl\/wp-content\/uploads\/2026\/04\/inbound6535751672721212152-1542x2048.jpg 1542w, https:\/\/przedszkole182-krakow.edu.pl\/wp-content\/uploads\/2026\/04\/inbound6535751672721212152-scaled.jpg 1928w\" sizes=\"auto, (max-width: 771px) 100vw, 771px\" \/><\/figure>\n<\/figure>\n\n\n\n<figure class=\"wp-block-gallery has-nested-images columns-default is-cropped wp-block-gallery-2 is-layout-flex wp-block-gallery-is-layout-flex\">\n<figure class=\"wp-block-image size-large\"><img loading=\"lazy\" decoding=\"async\" width=\"1024\" height=\"771\" data-id=\"13027\" src=\"https:\/\/przedszkole182-krakow.edu.pl\/wp-content\/uploads\/2026\/04\/inbound6295981954988135321-1024x771.jpg\" alt=\"\" class=\"wp-image-13027\" srcset=\"https:\/\/przedszkole182-krakow.edu.pl\/wp-content\/uploads\/2026\/04\/inbound6295981954988135321-1024x771.jpg 1024w, https:\/\/przedszkole182-krakow.edu.pl\/wp-content\/uploads\/2026\/04\/inbound6295981954988135321-300x226.jpg 300w, https:\/\/przedszkole182-krakow.edu.pl\/wp-content\/uploads\/2026\/04\/inbound6295981954988135321-768x578.jpg 768w, https:\/\/przedszkole182-krakow.edu.pl\/wp-content\/uploads\/2026\/04\/inbound6295981954988135321-1536x1157.jpg 1536w, https:\/\/przedszkole182-krakow.edu.pl\/wp-content\/uploads\/2026\/04\/inbound6295981954988135321-2048x1542.jpg 2048w\" sizes=\"auto, (max-width: 1024px) 100vw, 1024px\" \/><\/figure>\n<\/figure>\n","protected":false},"excerpt":{"rendered":"","protected":false},"author":5,"featured_media":0,"comment_status":"closed","ping_status":"open","sticky":false,"template":"","format":"standard","meta":{"footnotes":""},"categories":[9],"tags":[],"class_list":["post-12998","post","type-post","status-publish","format-standard","hentry","category-prace-dzieci"],"_links":{"self":[{"href":"https:\/\/przedszkole182-krakow.edu.pl\/index.php?rest_route=\/wp\/v2\/posts\/12998","targetHints":{"allow":["GET"]}}],"collection":[{"href":"https:\/\/przedszkole182-krakow.edu.pl\/index.php?rest_route=\/wp\/v2\/posts"}],"about":[{"href":"https:\/\/przedszkole182-krakow.edu.pl\/index.php?rest_route=\/wp\/v2\/types\/post"}],"author":[{"embeddable":true,"href":"https:\/\/przedszkole182-krakow.edu.pl\/index.php?rest_route=\/wp\/v2\/users\/5"}],"replies":[{"embeddable":true,"href":"https:\/\/przedszkole182-krakow.edu.pl\/index.php?rest_route=%2Fwp%2Fv2%2Fcomments&post=12998"}],"version-history":[{"count":2,"href":"https:\/\/przedszkole182-krakow.edu.pl\/index.php?rest_route=\/wp\/v2\/posts\/12998\/revisions"}],"predecessor-version":[{"id":13029,"href":"https:\/\/przedszkole182-krakow.edu.pl\/index.php?rest_route=\/wp\/v2\/posts\/12998\/revisions\/13029"}],"wp:attachment":[{"href":"https:\/\/przedszkole182-krakow.edu.pl\/index.php?rest_route=%2Fwp%2Fv2%2Fmedia&parent=12998"}],"wp:term":[{"taxonomy":"category","embeddable":true,"href":"https:\/\/przedszkole182-krakow.edu.pl\/index.php?rest_route=%2Fwp%2Fv2%2Fcategories&post=12998"},{"taxonomy":"post_tag","embeddable":true,"href":"https:\/\/przedszkole182-krakow.edu.pl\/index.php?rest_route=%2Fwp%2Fv2%2Ftags&post=12998"}],"curies":[{"name":"wp","href":"https:\/\/api.w.org\/{rel}","templated":true}]}}