{"id":13068,"date":"2026-04-30T18:16:07","date_gmt":"2026-04-30T16:16:07","guid":{"rendered":"https:\/\/przedszkole182-krakow.edu.pl\/?p=13068"},"modified":"2026-04-30T18:16:07","modified_gmt":"2026-04-30T16:16:07","slug":"dzien-konia-w-gr-6","status":"publish","type":"post","link":"https:\/\/przedszkole182-krakow.edu.pl\/?p=13068","title":{"rendered":"Dzie\u0144 Konia w Gr 6"},"content":{"rendered":"\n<p>30 kwietnia Przedszkolaki z Gr 6 obchodzi\u0142y Dzie\u0144 Konia. By\u0142a to wspania\u0142a okazja do poznania \u017cycia i zwyczaj\u00f3w konik\u00f3w. Przedszkolaki ch\u0119tnie bra\u0142y udzia\u0142 w zabawach &#8222;konikowych&#8221; oraz tworzeniu koni. <\/p>\n\n\n\n<figure class=\"wp-block-gallery has-nested-images columns-default is-cropped wp-block-gallery-1 is-layout-flex wp-block-gallery-is-layout-flex\">\n<figure class=\"wp-block-image size-large\"><img loading=\"lazy\" decoding=\"async\" width=\"1024\" height=\"771\" data-id=\"13069\" src=\"https:\/\/przedszkole182-krakow.edu.pl\/wp-content\/uploads\/2026\/04\/inbound8292208844132188923-1024x771.jpg\" alt=\"\" class=\"wp-image-13069\" srcset=\"https:\/\/przedszkole182-krakow.edu.pl\/wp-content\/uploads\/2026\/04\/inbound8292208844132188923-1024x771.jpg 1024w, https:\/\/przedszkole182-krakow.edu.pl\/wp-content\/uploads\/2026\/04\/inbound8292208844132188923-300x226.jpg 300w, https:\/\/przedszkole182-krakow.edu.pl\/wp-content\/uploads\/2026\/04\/inbound8292208844132188923-768x578.jpg 768w, https:\/\/przedszkole182-krakow.edu.pl\/wp-content\/uploads\/2026\/04\/inbound8292208844132188923-1536x1157.jpg 1536w, https:\/\/przedszkole182-krakow.edu.pl\/wp-content\/uploads\/2026\/04\/inbound8292208844132188923-2048x1542.jpg 2048w\" sizes=\"auto, (max-width: 1024px) 100vw, 1024px\" \/><\/figure>\n\n\n\n<figure class=\"wp-block-image size-large\"><img loading=\"lazy\" decoding=\"async\" width=\"771\" height=\"1024\" data-id=\"13072\" src=\"https:\/\/przedszkole182-krakow.edu.pl\/wp-content\/uploads\/2026\/04\/inbound3599750509788390532-771x1024.jpg\" alt=\"\" class=\"wp-image-13072\" srcset=\"https:\/\/przedszkole182-krakow.edu.pl\/wp-content\/uploads\/2026\/04\/inbound3599750509788390532-771x1024.jpg 771w, https:\/\/przedszkole182-krakow.edu.pl\/wp-content\/uploads\/2026\/04\/inbound3599750509788390532-226x300.jpg 226w, https:\/\/przedszkole182-krakow.edu.pl\/wp-content\/uploads\/2026\/04\/inbound3599750509788390532-768x1020.jpg 768w, https:\/\/przedszkole182-krakow.edu.pl\/wp-content\/uploads\/2026\/04\/inbound3599750509788390532-1157x1536.jpg 1157w, https:\/\/przedszkole182-krakow.edu.pl\/wp-content\/uploads\/2026\/04\/inbound3599750509788390532-1542x2048.jpg 1542w, https:\/\/przedszkole182-krakow.edu.pl\/wp-content\/uploads\/2026\/04\/inbound3599750509788390532-scaled.jpg 1928w\" sizes=\"auto, (max-width: 771px) 100vw, 771px\" \/><\/figure>\n\n\n\n<figure class=\"wp-block-image size-large\"><img loading=\"lazy\" decoding=\"async\" width=\"1024\" height=\"771\" data-id=\"13070\" src=\"https:\/\/przedszkole182-krakow.edu.pl\/wp-content\/uploads\/2026\/04\/inbound398966528838831616-1024x771.jpg\" alt=\"\" class=\"wp-image-13070\" srcset=\"https:\/\/przedszkole182-krakow.edu.pl\/wp-content\/uploads\/2026\/04\/inbound398966528838831616-1024x771.jpg 1024w, https:\/\/przedszkole182-krakow.edu.pl\/wp-content\/uploads\/2026\/04\/inbound398966528838831616-300x226.jpg 300w, https:\/\/przedszkole182-krakow.edu.pl\/wp-content\/uploads\/2026\/04\/inbound398966528838831616-768x578.jpg 768w, https:\/\/przedszkole182-krakow.edu.pl\/wp-content\/uploads\/2026\/04\/inbound398966528838831616-1536x1157.jpg 1536w, https:\/\/przedszkole182-krakow.edu.pl\/wp-content\/uploads\/2026\/04\/inbound398966528838831616-2048x1542.jpg 2048w\" sizes=\"auto, (max-width: 1024px) 100vw, 1024px\" \/><\/figure>\n\n\n\n<figure class=\"wp-block-image size-large\"><img loading=\"lazy\" decoding=\"async\" width=\"1024\" height=\"771\" data-id=\"13071\" src=\"https:\/\/przedszkole182-krakow.edu.pl\/wp-content\/uploads\/2026\/04\/inbound118733650527765512-1024x771.jpg\" alt=\"\" class=\"wp-image-13071\" srcset=\"https:\/\/przedszkole182-krakow.edu.pl\/wp-content\/uploads\/2026\/04\/inbound118733650527765512-1024x771.jpg 1024w, https:\/\/przedszkole182-krakow.edu.pl\/wp-content\/uploads\/2026\/04\/inbound118733650527765512-300x226.jpg 300w, https:\/\/przedszkole182-krakow.edu.pl\/wp-content\/uploads\/2026\/04\/inbound118733650527765512-768x578.jpg 768w, https:\/\/przedszkole182-krakow.edu.pl\/wp-content\/uploads\/2026\/04\/inbound118733650527765512-1536x1157.jpg 1536w, https:\/\/przedszkole182-krakow.edu.pl\/wp-content\/uploads\/2026\/04\/inbound118733650527765512-2048x1542.jpg 2048w\" sizes=\"auto, (max-width: 1024px) 100vw, 1024px\" \/><\/figure>\n\n\n\n<figure class=\"wp-block-image size-large\"><img loading=\"lazy\" decoding=\"async\" width=\"771\" height=\"1024\" data-id=\"13073\" src=\"https:\/\/przedszkole182-krakow.edu.pl\/wp-content\/uploads\/2026\/04\/inbound619582697664237712-771x1024.jpg\" alt=\"\" class=\"wp-image-13073\" srcset=\"https:\/\/przedszkole182-krakow.edu.pl\/wp-content\/uploads\/2026\/04\/inbound619582697664237712-771x1024.jpg 771w, https:\/\/przedszkole182-krakow.edu.pl\/wp-content\/uploads\/2026\/04\/inbound619582697664237712-226x300.jpg 226w, https:\/\/przedszkole182-krakow.edu.pl\/wp-content\/uploads\/2026\/04\/inbound619582697664237712-768x1020.jpg 768w, https:\/\/przedszkole182-krakow.edu.pl\/wp-content\/uploads\/2026\/04\/inbound619582697664237712-1157x1536.jpg 1157w, https:\/\/przedszkole182-krakow.edu.pl\/wp-content\/uploads\/2026\/04\/inbound619582697664237712-1542x2048.jpg 1542w, https:\/\/przedszkole182-krakow.edu.pl\/wp-content\/uploads\/2026\/04\/inbound619582697664237712-scaled.jpg 1928w\" sizes=\"auto, (max-width: 771px) 100vw, 771px\" \/><\/figure>\n<\/figure>\n\n\n\n<p><\/p>\n","protected":false},"excerpt":{"rendered":"<p>30 kwietnia Przedszkolaki z Gr 6 obchodzi\u0142y Dzie\u0144 Konia. By\u0142a to wspania\u0142a okazja do poznania \u017cycia i zwyczaj\u00f3w konik\u00f3w. Przedszkolaki ch\u0119tnie bra\u0142y udzia\u0142 w zabawach &#8222;konikowych&#8221; oraz tworzeniu koni.<\/p>\n","protected":false},"author":5,"featured_media":0,"comment_status":"closed","ping_status":"open","sticky":false,"template":"","format":"standard","meta":{"footnotes":""},"categories":[5],"tags":[],"class_list":["post-13068","post","type-post","status-publish","format-standard","hentry","category-galeria"],"_links":{"self":[{"href":"https:\/\/przedszkole182-krakow.edu.pl\/index.php?rest_route=\/wp\/v2\/posts\/13068","targetHints":{"allow":["GET"]}}],"collection":[{"href":"https:\/\/przedszkole182-krakow.edu.pl\/index.php?rest_route=\/wp\/v2\/posts"}],"about":[{"href":"https:\/\/przedszkole182-krakow.edu.pl\/index.php?rest_route=\/wp\/v2\/types\/post"}],"author":[{"embeddable":true,"href":"https:\/\/przedszkole182-krakow.edu.pl\/index.php?rest_route=\/wp\/v2\/users\/5"}],"replies":[{"embeddable":true,"href":"https:\/\/przedszkole182-krakow.edu.pl\/index.php?rest_route=%2Fwp%2Fv2%2Fcomments&post=13068"}],"version-history":[{"count":1,"href":"https:\/\/przedszkole182-krakow.edu.pl\/index.php?rest_route=\/wp\/v2\/posts\/13068\/revisions"}],"predecessor-version":[{"id":13074,"href":"https:\/\/przedszkole182-krakow.edu.pl\/index.php?rest_route=\/wp\/v2\/posts\/13068\/revisions\/13074"}],"wp:attachment":[{"href":"https:\/\/przedszkole182-krakow.edu.pl\/index.php?rest_route=%2Fwp%2Fv2%2Fmedia&parent=13068"}],"wp:term":[{"taxonomy":"category","embeddable":true,"href":"https:\/\/przedszkole182-krakow.edu.pl\/index.php?rest_route=%2Fwp%2Fv2%2Fcategories&post=13068"},{"taxonomy":"post_tag","embeddable":true,"href":"https:\/\/przedszkole182-krakow.edu.pl\/index.php?rest_route=%2Fwp%2Fv2%2Ftags&post=13068"}],"curies":[{"name":"wp","href":"https:\/\/api.w.org\/{rel}","templated":true}]}}