{"id":3218,"date":"2021-04-26T10:24:00","date_gmt":"2021-04-26T08:24:00","guid":{"rendered":"http:\/\/przedszkole182-krakow.edu.pl\/?p=3218"},"modified":"2021-04-26T22:42:16","modified_gmt":"2021-04-26T20:42:16","slug":"wyniki-rekrutacji","status":"publish","type":"post","link":"https:\/\/przedszkole182-krakow.edu.pl\/?p=3218","title":{"rendered":"WYNIKI REKRUTACJI"},"content":{"rendered":"\n<p class=\"has-normal-font-size\">Rodzice dzieci zakwalifikowanych do Samorz\u0105dowego Przedszkola nr 182 wol\u0119 przyj\u0119cia dziecka b\u0119d\u0105 mogli&nbsp;potwierdzi\u0107 elektronicznie loguj\u0105c si\u0119 na konto dziecka (<a rel=\"noreferrer noopener\" href=\"http:\/\/krakow.formico.pl\" target=\"_blank\">krakow.formico.pl<\/a>) lub przesy\u0142aj\u0105c e-mail do przedszkola na adres: przedszkole182@op.pl. &nbsp;Tre\u015b\u0107 wiadomo\u015bci ma wskazywa\u0107, \u017ce rodzic akceptuje wynik rekrutacji i wyra\u017ca wol\u0119 ucz\u0119szczania dziecka np. akceptuj\u0119, zgadzam si\u0119. <\/p>\n\n\n\n<p class=\"has-normal-font-size\"><strong>Funkcjonalno\u015b\u0107 ta zostanie w\u0142\u0105czona dla rodzic\u00f3w w poniedzia\u0142ek (26 kwietnia). &nbsp;Wol\u0119 przyj\u0119cia nale\u017cy potwierdzi\u0107 w dniach od 26.04 \u2013 07.05.2021r.<\/strong><\/p>\n\n\n\n<ul class=\"wp-block-list\"><li><strong>Uwaga !<\/strong><\/li><\/ul>\n\n\n\n<p style=\"background-color:#fce725\" class=\"has-text-color has-background has-medium-font-size has-vivid-red-color\"><strong>Brak potwierdzenia woli w dniach tj. 26.04 &#8211; 7.05.2021 jest jednoznaczne z rezygnacj\u0105&nbsp; przyj\u0119cia dziecka do naszego przedszkola.<\/strong><\/p>\n","protected":false},"excerpt":{"rendered":"<p>Rodzice dzieci zakwalifikowanych do Samorz\u0105dowego Przedszkola nr 182 wol\u0119 przyj\u0119cia dziecka b\u0119d\u0105 mogli&nbsp;potwierdzi\u0107 elektronicznie loguj\u0105c si\u0119 na konto dziecka (krakow.formico.pl) lub przesy\u0142aj\u0105c e-mail do przedszkola na adres: przedszkole182@op.pl. &nbsp;Tre\u015b\u0107 wiadomo\u015bci ma wskazywa\u0107, \u017ce rodzic akceptuje wynik rekrutacji i wyra\u017ca wol\u0119 ucz\u0119szczania dziecka np. akceptuj\u0119, zgadzam si\u0119. Funkcjonalno\u015b\u0107 ta zostanie w\u0142\u0105czona dla rodzic\u00f3w w poniedzia\u0142ek (26 [&hellip;]<\/p>\n","protected":false},"author":3,"featured_media":0,"comment_status":"open","ping_status":"open","sticky":false,"template":"","format":"standard","meta":{"footnotes":""},"categories":[13],"tags":[],"class_list":["post-3218","post","type-post","status-publish","format-standard","hentry","category-rekrutacja"],"_links":{"self":[{"href":"https:\/\/przedszkole182-krakow.edu.pl\/index.php?rest_route=\/wp\/v2\/posts\/3218","targetHints":{"allow":["GET"]}}],"collection":[{"href":"https:\/\/przedszkole182-krakow.edu.pl\/index.php?rest_route=\/wp\/v2\/posts"}],"about":[{"href":"https:\/\/przedszkole182-krakow.edu.pl\/index.php?rest_route=\/wp\/v2\/types\/post"}],"author":[{"embeddable":true,"href":"https:\/\/przedszkole182-krakow.edu.pl\/index.php?rest_route=\/wp\/v2\/users\/3"}],"replies":[{"embeddable":true,"href":"https:\/\/przedszkole182-krakow.edu.pl\/index.php?rest_route=%2Fwp%2Fv2%2Fcomments&post=3218"}],"version-history":[{"count":6,"href":"https:\/\/przedszkole182-krakow.edu.pl\/index.php?rest_route=\/wp\/v2\/posts\/3218\/revisions"}],"predecessor-version":[{"id":4949,"href":"https:\/\/przedszkole182-krakow.edu.pl\/index.php?rest_route=\/wp\/v2\/posts\/3218\/revisions\/4949"}],"wp:attachment":[{"href":"https:\/\/przedszkole182-krakow.edu.pl\/index.php?rest_route=%2Fwp%2Fv2%2Fmedia&parent=3218"}],"wp:term":[{"taxonomy":"category","embeddable":true,"href":"https:\/\/przedszkole182-krakow.edu.pl\/index.php?rest_route=%2Fwp%2Fv2%2Fcategories&post=3218"},{"taxonomy":"post_tag","embeddable":true,"href":"https:\/\/przedszkole182-krakow.edu.pl\/index.php?rest_route=%2Fwp%2Fv2%2Ftags&post=3218"}],"curies":[{"name":"wp","href":"https:\/\/api.w.org\/{rel}","templated":true}]}}