{"id":4856,"date":"2021-04-11T20:11:54","date_gmt":"2021-04-11T18:11:54","guid":{"rendered":"http:\/\/przedszkole182-krakow.edu.pl\/?p=4856"},"modified":"2021-04-26T22:46:53","modified_gmt":"2021-04-26T20:46:53","slug":"przedluzenie-zamkniecia-przedszkoli-rozporzadzenie-men","status":"publish","type":"post","link":"https:\/\/przedszkole182-krakow.edu.pl\/?p=4856","title":{"rendered":"Przed\u0142u\u017cenie zamkni\u0119cia przedszkoli -Rozporz\u0105dzenie MEN"},"content":{"rendered":"\n<div class=\"wp-block-file\"><a href=\"http:\/\/przedszkole182-krakow.edu.pl\/wp-content\/uploads\/2021\/04\/Rozporzadzenie.pdf\"><strong>Rozporz\u0105dzenie<\/strong> <strong>MEN<\/strong><\/a><a href=\"http:\/\/przedszkole182-krakow.edu.pl\/wp-content\/uploads\/2021\/04\/Rozporzadzenie.pdf\" class=\"wp-block-file__button\" download>Pobierz<\/a><\/div>\n","protected":false},"excerpt":{"rendered":"","protected":false},"author":3,"featured_media":0,"comment_status":"open","ping_status":"open","sticky":false,"template":"","format":"standard","meta":{"footnotes":""},"categories":[1],"tags":[],"class_list":["post-4856","post","type-post","status-publish","format-standard","hentry","category-aktualnosci"],"_links":{"self":[{"href":"https:\/\/przedszkole182-krakow.edu.pl\/index.php?rest_route=\/wp\/v2\/posts\/4856","targetHints":{"allow":["GET"]}}],"collection":[{"href":"https:\/\/przedszkole182-krakow.edu.pl\/index.php?rest_route=\/wp\/v2\/posts"}],"about":[{"href":"https:\/\/przedszkole182-krakow.edu.pl\/index.php?rest_route=\/wp\/v2\/types\/post"}],"author":[{"embeddable":true,"href":"https:\/\/przedszkole182-krakow.edu.pl\/index.php?rest_route=\/wp\/v2\/users\/3"}],"replies":[{"embeddable":true,"href":"https:\/\/przedszkole182-krakow.edu.pl\/index.php?rest_route=%2Fwp%2Fv2%2Fcomments&post=4856"}],"version-history":[{"count":1,"href":"https:\/\/przedszkole182-krakow.edu.pl\/index.php?rest_route=\/wp\/v2\/posts\/4856\/revisions"}],"predecessor-version":[{"id":4858,"href":"https:\/\/przedszkole182-krakow.edu.pl\/index.php?rest_route=\/wp\/v2\/posts\/4856\/revisions\/4858"}],"wp:attachment":[{"href":"https:\/\/przedszkole182-krakow.edu.pl\/index.php?rest_route=%2Fwp%2Fv2%2Fmedia&parent=4856"}],"wp:term":[{"taxonomy":"category","embeddable":true,"href":"https:\/\/przedszkole182-krakow.edu.pl\/index.php?rest_route=%2Fwp%2Fv2%2Fcategories&post=4856"},{"taxonomy":"post_tag","embeddable":true,"href":"https:\/\/przedszkole182-krakow.edu.pl\/index.php?rest_route=%2Fwp%2Fv2%2Ftags&post=4856"}],"curies":[{"name":"wp","href":"https:\/\/api.w.org\/{rel}","templated":true}]}}