{"id":4962,"date":"2021-05-11T10:16:04","date_gmt":"2021-05-11T08:16:04","guid":{"rendered":"http:\/\/przedszkole182-krakow.edu.pl\/?p=4962"},"modified":"2021-05-11T10:16:04","modified_gmt":"2021-05-11T08:16:04","slug":"rekrutacja-uzupelniajaca","status":"publish","type":"post","link":"https:\/\/przedszkole182-krakow.edu.pl\/?p=4962","title":{"rendered":"REKRUTACJA UZUPE\u0141NIAJ\u0104CA"},"content":{"rendered":"\n<h2 class=\"wp-block-heading\">Przedszkole nie prowadzi rekrutacji uzupe\u0142niaj\u0105cej ze wzgl\u0119du na brak wolnych miejsc.<\/h2>\n\n\n\n<p><\/p>\n","protected":false},"excerpt":{"rendered":"<p>Przedszkole nie prowadzi rekrutacji uzupe\u0142niaj\u0105cej ze wzgl\u0119du na brak wolnych miejsc.<\/p>\n","protected":false},"author":3,"featured_media":0,"comment_status":"open","ping_status":"open","sticky":false,"template":"","format":"standard","meta":{"footnotes":""},"categories":[1,13],"tags":[],"class_list":["post-4962","post","type-post","status-publish","format-standard","hentry","category-aktualnosci","category-rekrutacja"],"_links":{"self":[{"href":"https:\/\/przedszkole182-krakow.edu.pl\/index.php?rest_route=\/wp\/v2\/posts\/4962","targetHints":{"allow":["GET"]}}],"collection":[{"href":"https:\/\/przedszkole182-krakow.edu.pl\/index.php?rest_route=\/wp\/v2\/posts"}],"about":[{"href":"https:\/\/przedszkole182-krakow.edu.pl\/index.php?rest_route=\/wp\/v2\/types\/post"}],"author":[{"embeddable":true,"href":"https:\/\/przedszkole182-krakow.edu.pl\/index.php?rest_route=\/wp\/v2\/users\/3"}],"replies":[{"embeddable":true,"href":"https:\/\/przedszkole182-krakow.edu.pl\/index.php?rest_route=%2Fwp%2Fv2%2Fcomments&post=4962"}],"version-history":[{"count":1,"href":"https:\/\/przedszkole182-krakow.edu.pl\/index.php?rest_route=\/wp\/v2\/posts\/4962\/revisions"}],"predecessor-version":[{"id":4963,"href":"https:\/\/przedszkole182-krakow.edu.pl\/index.php?rest_route=\/wp\/v2\/posts\/4962\/revisions\/4963"}],"wp:attachment":[{"href":"https:\/\/przedszkole182-krakow.edu.pl\/index.php?rest_route=%2Fwp%2Fv2%2Fmedia&parent=4962"}],"wp:term":[{"taxonomy":"category","embeddable":true,"href":"https:\/\/przedszkole182-krakow.edu.pl\/index.php?rest_route=%2Fwp%2Fv2%2Fcategories&post=4962"},{"taxonomy":"post_tag","embeddable":true,"href":"https:\/\/przedszkole182-krakow.edu.pl\/index.php?rest_route=%2Fwp%2Fv2%2Ftags&post=4962"}],"curies":[{"name":"wp","href":"https:\/\/api.w.org\/{rel}","templated":true}]}}