{"id":5213,"date":"2021-08-26T10:04:00","date_gmt":"2021-08-26T08:04:00","guid":{"rendered":"http:\/\/przedszkole182-krakow.edu.pl\/?p=5213"},"modified":"2021-08-26T10:28:30","modified_gmt":"2021-08-26T08:28:30","slug":"ogloszenia","status":"publish","type":"post","link":"https:\/\/przedszkole182-krakow.edu.pl\/?p=5213","title":{"rendered":"OG\u0141OSZENIA"},"content":{"rendered":"\n<p style=\"background-color:#f1f506;font-size:19px\" class=\"has-background\"><strong>INFORMUJEMY, \u017bE Z DNIEM 1 WRZE\u015aNIA 2021 W NASZEJ PLAC\u00d3WCE NADAL OBOWI\u0104ZUJE &#8222;PROCEDURA BEZPIECZE\u0143STWA W CZASIE EPIDEMII COVID-19&#8221; <em>z dnia 20.08.2020 r.<\/em> <\/strong><\/p>\n\n\n\n<div class=\"wp-block-file\"><a href=\"http:\/\/przedszkole182-krakow.edu.pl\/wp-content\/uploads\/2021\/08\/KORONAWIRUS-procedura-bezpiecze\u0144stwa-2.docx\"><strong>KORONAWIRUS &#8211; procedura bezpiecze\u0144stwa<\/strong><\/a><a href=\"http:\/\/przedszkole182-krakow.edu.pl\/wp-content\/uploads\/2021\/08\/KORONAWIRUS-procedura-bezpiecze\u0144stwa-2.docx\" class=\"wp-block-file__button\" download>Pobierz<\/a><\/div>\n\n\n\n<p style=\"background-color:#b97df2\" class=\"has-background has-medium-font-size\">OD 1 WRZE\u015aNIA DZIECI ODPROWADZANE B\u0118D\u0104 PRZEZ RODZIC\u00d3W DO SZATNI PRZEDSZKOLA, A NAST\u0118PNIE OBI\u0118TE B\u0118D\u0104 OPIEK\u0104 PRZEZ PRACOWNIKA PRZEDSZKOLA. <strong>W SZATNI NIE MO\u017bE PRZEBYWA\u0106 WI\u0118CEJ NI\u017b 3 RODZIC\u00d3W<\/strong>.<\/p>\n","protected":false},"excerpt":{"rendered":"<p>INFORMUJEMY, \u017bE Z DNIEM 1 WRZE\u015aNIA 2021 W NASZEJ PLAC\u00d3WCE NADAL OBOWI\u0104ZUJE &#8222;PROCEDURA BEZPIECZE\u0143STWA W CZASIE EPIDEMII COVID-19&#8221; z dnia 20.08.2020 r. OD 1 WRZE\u015aNIA DZIECI ODPROWADZANE B\u0118D\u0104 PRZEZ RODZIC\u00d3W DO SZATNI PRZEDSZKOLA, A NAST\u0118PNIE OBI\u0118TE B\u0118D\u0104 OPIEK\u0104 PRZEZ PRACOWNIKA PRZEDSZKOLA. W SZATNI NIE MO\u017bE PRZEBYWA\u0106 WI\u0118CEJ NI\u017b 3 RODZIC\u00d3W.<\/p>\n","protected":false},"author":3,"featured_media":0,"comment_status":"open","ping_status":"open","sticky":false,"template":"","format":"standard","meta":{"footnotes":""},"categories":[1],"tags":[],"class_list":["post-5213","post","type-post","status-publish","format-standard","hentry","category-aktualnosci"],"_links":{"self":[{"href":"https:\/\/przedszkole182-krakow.edu.pl\/index.php?rest_route=\/wp\/v2\/posts\/5213","targetHints":{"allow":["GET"]}}],"collection":[{"href":"https:\/\/przedszkole182-krakow.edu.pl\/index.php?rest_route=\/wp\/v2\/posts"}],"about":[{"href":"https:\/\/przedszkole182-krakow.edu.pl\/index.php?rest_route=\/wp\/v2\/types\/post"}],"author":[{"embeddable":true,"href":"https:\/\/przedszkole182-krakow.edu.pl\/index.php?rest_route=\/wp\/v2\/users\/3"}],"replies":[{"embeddable":true,"href":"https:\/\/przedszkole182-krakow.edu.pl\/index.php?rest_route=%2Fwp%2Fv2%2Fcomments&post=5213"}],"version-history":[{"count":1,"href":"https:\/\/przedszkole182-krakow.edu.pl\/index.php?rest_route=\/wp\/v2\/posts\/5213\/revisions"}],"predecessor-version":[{"id":5215,"href":"https:\/\/przedszkole182-krakow.edu.pl\/index.php?rest_route=\/wp\/v2\/posts\/5213\/revisions\/5215"}],"wp:attachment":[{"href":"https:\/\/przedszkole182-krakow.edu.pl\/index.php?rest_route=%2Fwp%2Fv2%2Fmedia&parent=5213"}],"wp:term":[{"taxonomy":"category","embeddable":true,"href":"https:\/\/przedszkole182-krakow.edu.pl\/index.php?rest_route=%2Fwp%2Fv2%2Fcategories&post=5213"},{"taxonomy":"post_tag","embeddable":true,"href":"https:\/\/przedszkole182-krakow.edu.pl\/index.php?rest_route=%2Fwp%2Fv2%2Ftags&post=5213"}],"curies":[{"name":"wp","href":"https:\/\/api.w.org\/{rel}","templated":true}]}}