{"id":7724,"date":"2024-09-02T20:32:22","date_gmt":"2024-09-02T18:32:22","guid":{"rendered":"https:\/\/przedszkole182-krakow.edu.pl\/?p=7724"},"modified":"2024-09-02T20:32:56","modified_gmt":"2024-09-02T18:32:56","slug":"7724","status":"publish","type":"post","link":"https:\/\/przedszkole182-krakow.edu.pl\/?p=7724","title":{"rendered":"ZEBRANIE RODZIC\u00d3W"},"content":{"rendered":"\n<p class=\"has-vivid-red-color has-text-color has-large-font-size\"><strong>UWAGA RODZICE<\/strong><\/p>\n\n\n\n<p><strong>ZAPRASZAMY NA ZEBRANIA Z RODZICAMI, KT\u00d3RE &nbsp;ZACZN\u0104 &nbsp;SI\u0118&nbsp; O GODZ.16.00&nbsp; W SALACH GRUP WG HARMONOGRAMU:<\/strong><\/p>\n\n\n\n<p class=\"has-vivid-red-color has-text-color has-medium-font-size\"><strong>3.09.2024 WTOREK \u2013 GR. I, V<\/strong><\/p>\n\n\n\n<p class=\"has-vivid-red-color has-text-color has-medium-font-size\">&nbsp;<strong>4.09.2024 \u015aRODA \u2013 GR. II, III, VIII<\/strong><\/p>\n\n\n\n<p class=\"has-vivid-red-color has-text-color has-medium-font-size\"><strong>5.09.2024 CZWARTEK \u2013 GR. IV, VI, VI<\/strong><\/p>\n","protected":false},"excerpt":{"rendered":"<p>UWAGA RODZICE ZAPRASZAMY NA ZEBRANIA Z RODZICAMI, KT\u00d3RE &nbsp;ZACZN\u0104 &nbsp;SI\u0118&nbsp; O GODZ.16.00&nbsp; W SALACH GRUP WG HARMONOGRAMU: 3.09.2024 WTOREK \u2013 GR. I, V &nbsp;4.09.2024 \u015aRODA \u2013 GR. II, III, VIII 5.09.2024 CZWARTEK \u2013 GR. IV, VI, VI<\/p>\n","protected":false},"author":3,"featured_media":0,"comment_status":"closed","ping_status":"open","sticky":false,"template":"","format":"standard","meta":{"footnotes":""},"categories":[1],"tags":[],"class_list":["post-7724","post","type-post","status-publish","format-standard","hentry","category-aktualnosci"],"_links":{"self":[{"href":"https:\/\/przedszkole182-krakow.edu.pl\/index.php?rest_route=\/wp\/v2\/posts\/7724","targetHints":{"allow":["GET"]}}],"collection":[{"href":"https:\/\/przedszkole182-krakow.edu.pl\/index.php?rest_route=\/wp\/v2\/posts"}],"about":[{"href":"https:\/\/przedszkole182-krakow.edu.pl\/index.php?rest_route=\/wp\/v2\/types\/post"}],"author":[{"embeddable":true,"href":"https:\/\/przedszkole182-krakow.edu.pl\/index.php?rest_route=\/wp\/v2\/users\/3"}],"replies":[{"embeddable":true,"href":"https:\/\/przedszkole182-krakow.edu.pl\/index.php?rest_route=%2Fwp%2Fv2%2Fcomments&post=7724"}],"version-history":[{"count":2,"href":"https:\/\/przedszkole182-krakow.edu.pl\/index.php?rest_route=\/wp\/v2\/posts\/7724\/revisions"}],"predecessor-version":[{"id":7726,"href":"https:\/\/przedszkole182-krakow.edu.pl\/index.php?rest_route=\/wp\/v2\/posts\/7724\/revisions\/7726"}],"wp:attachment":[{"href":"https:\/\/przedszkole182-krakow.edu.pl\/index.php?rest_route=%2Fwp%2Fv2%2Fmedia&parent=7724"}],"wp:term":[{"taxonomy":"category","embeddable":true,"href":"https:\/\/przedszkole182-krakow.edu.pl\/index.php?rest_route=%2Fwp%2Fv2%2Fcategories&post=7724"},{"taxonomy":"post_tag","embeddable":true,"href":"https:\/\/przedszkole182-krakow.edu.pl\/index.php?rest_route=%2Fwp%2Fv2%2Ftags&post=7724"}],"curies":[{"name":"wp","href":"https:\/\/api.w.org\/{rel}","templated":true}]}}