{"id":8929,"date":"2025-02-17T11:57:14","date_gmt":"2025-02-17T10:57:14","guid":{"rendered":"https:\/\/przedszkole182-krakow.edu.pl\/?p=8929"},"modified":"2025-02-17T11:57:14","modified_gmt":"2025-02-17T10:57:14","slug":"rekrutacja-2025-2026","status":"publish","type":"post","link":"https:\/\/przedszkole182-krakow.edu.pl\/?p=8929","title":{"rendered":"REKRUTACJA 2025\/2026"},"content":{"rendered":"\n<p><strong>REKRUTACJA 2025\/2026<\/strong><\/p>\n\n\n\n<p>Rekrutacja do samorz\u0105dowych przedszkoli i oddzia\u0142\u00f3w przedszkolnych \u00a0\u00a0w szko\u0142ach podstawowych rozpocznie si\u0119 <strong>3 marca 2025 r.<\/strong><\/p>\n\n\n\n<p>R\u00f3wnie\u017c <strong>3 marca 2025 r.<\/strong> zostanie uruchomiony elektroniczny system rekrutacji.<\/p>\n\n\n\n<p>Szczeg\u00f3\u0142owe zasady rekrutacji oraz formularze rekrutacyjne zostan\u0105 zamieszczone w elektronicznym systemie rekrutacji.<\/p>\n\n\n\n<p><strong>Sk\u0142adanie deklaracji o kontynuowaniu wychowania przedszkolnego przez rodzic\u00f3w dzieci ucz\u0119szczaj\u0105cych ju\u017c do przedszkola: <\/strong><strong>20-28 lutego 2025 r.<\/strong><strong><\/strong><\/p>\n\n\n\n<p>Terminy przeprowadzania post\u0119powania rekrutacyjnego i post\u0119powania uzupe\u0142niaj\u0105cego, w tym terminy sk\u0142adania dokument\u00f3w, na rok szkolny <strong>2025\/2026:<\/strong><\/p>\n\n\n\n<figure class=\"wp-block-table\"><table class=\"has-fixed-layout\"><tbody><tr><td>Lp.<\/td><td>Rodzaj czynno\u015bci<\/td><td>Termin w post\u0119powaniu rekrutacyjnym<\/td><td>Termin w post\u0119powaniu uzupe\u0142niaj\u0105cym<\/td><\/tr><tr><td>1.<\/td><td>Z\u0142o\u017cenie wniosku o przyj\u0119cie do przedszkola<strong><sup>1<\/sup><\/strong> wraz z dokumentami potwierdzaj\u0105cymi spe\u0142nianie przez kandydata warunk\u00f3w lub kryteri\u00f3w branych pod uwag\u0119 &nbsp;&nbsp;&nbsp;&nbsp;&nbsp;&nbsp;&nbsp;&nbsp;&nbsp;&nbsp;&nbsp;&nbsp;&nbsp;&nbsp;&nbsp;&nbsp;&nbsp;&nbsp;&nbsp;&nbsp;&nbsp;&nbsp;&nbsp;&nbsp;&nbsp;&nbsp;&nbsp;&nbsp;&nbsp;&nbsp;&nbsp;w post\u0119powaniu rekrutacyjnym<\/td><td>3-31 marca 2025 r.<\/td><td>20 maja \u2013 2 czerwca 2025 r.<\/td><\/tr><tr><td>2.<\/td><td>Weryfikacja przez komisj\u0119 rekrutacyjn\u0105 wniosk\u00f3w o przyj\u0119cie do przedszkola&nbsp;&nbsp;&nbsp;&nbsp;&nbsp;&nbsp;&nbsp;&nbsp;&nbsp;&nbsp;&nbsp; &nbsp;i dokument\u00f3w potwierdzaj\u0105cych spe\u0142nianie przez kandydata warunk\u00f3w lub kryteri\u00f3w branych pod uwag\u0119 &nbsp;&nbsp;&nbsp;&nbsp;&nbsp;&nbsp;&nbsp;&nbsp;&nbsp;&nbsp;&nbsp;&nbsp;&nbsp;&nbsp;&nbsp;&nbsp;&nbsp;w post\u0119powaniu rekrutacyjnym, &nbsp;&nbsp;&nbsp;&nbsp;&nbsp;&nbsp;&nbsp;&nbsp;&nbsp;&nbsp;&nbsp;&nbsp;&nbsp;&nbsp;w tym dokonanie przez przewodnicz\u0105cego komisji czynno\u015bci,&nbsp;&nbsp;&nbsp;&nbsp;&nbsp;&nbsp;&nbsp;&nbsp;&nbsp;&nbsp;&nbsp;&nbsp;&nbsp; &nbsp;o kt\u00f3rych mowa &nbsp;w art.150 ust.7 ustawy Prawo o\u015bwiatowe<\/td><td>do 2 kwietnia 2025 r.<\/td><td>do 3 czerwca 2025 r.<\/td><\/tr><tr><td>3.<\/td><td>Podanie do publicznej wiadomo\u015bci przez komisj\u0119 rekrutacyjn\u0105 listy kandydat\u00f3w zakwalifikowanych &nbsp;&nbsp;&nbsp;&nbsp;&nbsp;&nbsp;&nbsp;&nbsp;&nbsp;&nbsp;&nbsp;&nbsp;&nbsp;i kandydat\u00f3w niezakwalifikowanych<\/td><td>18 kwietnia 2025r.<\/td><td>18 czerwca 2025 r.<\/td><\/tr><tr><td>4.<\/td><td>Potwierdzanie przez rodzica kandydata woli przyj\u0119cia.<\/td><td>22 kwietnia \u2013 5 maja 2025 r.<\/td><td>20-27 czerwca 2025r.<\/td><\/tr><tr><td>5.<\/td><td>Podanie do publicznej wiadomo\u015bci przez komisj\u0119 rekrutacyjn\u0105 listy kandydat\u00f3w przyj\u0119tych i kandydat\u00f3w nieprzyj\u0119tych<\/td><td>6 maja 2024 r.<\/td><td>30 czerwca 2025 r.<\/td><\/tr><\/tbody><\/table><\/figure>\n\n\n\n<p><a><\/a><a href=\"https:\/\/portaledukacyjny.krakow.pl\/196467,artykul,rekrutacja_do_przedszkoli.html#_ftnref1\">[1]<\/a>&nbsp;przez przedszkole nale\u017cy tak\u017ce rozumie\u0107 oddzia\u0142y przedszkolne w szkole podstawowej<\/p>\n\n\n\n<p>Kryteria naboru do krakowskich przedszkoli samorz\u0105dowych okre\u015bla art. 131 ust. 2 ustawy z dnia 14 grudnia 2016 r. Prawo o\u015bwiatowe (Dz. U. z 2024 r. poz. 737 z p\u00f3\u017an. zm.) oraz&nbsp;<a href=\"https:\/\/www.bip.krakow.pl\/?dok_id=167&amp;sub_dok_id=167&amp;sub=uchwala&amp;query=id%3D24443%26typ%3Du\">uchwa\u0142a nr LXVI\/1650\/17 Rady Miasta Krakowa z dnia 15 marca 2017 r. w sprawie okre\u015blenia kryteri\u00f3w naboru do samorz\u0105dowych przedszkoli na drugim etapie post\u0119powania rekrutacyjnego oraz dokument\u00f3w niezb\u0119dnych do potwierdzania tych kryteri\u00f3w (ze zm.).<\/a><\/p>\n\n\n\n<p><strong>WNIOSKI, WRAZ Z ZA\u0141\u0104CZNIKAMI, <\/strong>nale\u017cy sk\u0142ada\u0107 w kancelarii przedszkola w dniach i godzinach:<\/p>\n\n\n\n<p><strong>poniedzia\u0142ek &nbsp;&nbsp;&nbsp;\u2013 &nbsp;14.00 \u2013 17.00<\/strong><\/p>\n\n\n\n<p><strong>wtorek \u2013 &nbsp;&nbsp;&nbsp;&nbsp;&nbsp;&nbsp;&nbsp;&nbsp;&nbsp;&nbsp;&nbsp;&nbsp;&nbsp;&nbsp;&nbsp;8.30 \u2013 12.00<\/strong><\/p>\n\n\n\n<p><strong>czwartek \u2013&nbsp;&nbsp;&nbsp;&nbsp;&nbsp;&nbsp;&nbsp;&nbsp;&nbsp;&nbsp;&nbsp;&nbsp; 8.30 \u2013 16.00<\/strong><\/p>\n\n\n\n<p><strong>i 31.03.2025r. (Poniedzia\u0142ek, ostatni dzie\u0144 rekrutacji) w godz. 9.00 \u2013 16.00<\/strong><\/p>\n\n\n\n<p><strong>Z Komisj\u0105 Rekrutacyjn\u0105 <\/strong><strong>mo\u017cna kontaktowa\u0107 si\u0119 osobi\u015bcie lub<\/strong><\/p>\n\n\n\n<p><strong>pod numerem telefonu:<\/strong><strong> 12&nbsp;648 22 00 <\/strong><strong>w dniach i godzinach:<\/strong><\/p>\n\n\n\n<p><strong>Poniedzia\u0142ek &#8211; &nbsp;8.30 \u2013 10.00<\/strong><\/p>\n\n\n\n<p><strong>Czwartek&nbsp; &nbsp;&nbsp;&nbsp;&nbsp;&#8211;&nbsp; 8.30 \u2013 10.00<\/strong><\/p>\n\n\n\n<p>Prosz\u0119 pami\u0119ta\u0107, \u017ce wniosek, po wydrukowaniu i podpisaniu nale\u017cy z\u0142o\u017cy\u0107 tylko w przedszkolu pierwszego wyboru.<\/p>\n\n\n\n<p>Wniosek i za\u0142\u0105czniki mo\u017cna r\u00f3wnie\u017c pobra\u0107 w przedszkolu.<\/p>\n\n\n\n<p>Ch\u0119\u0107 zapisania dziecka do oddzia\u0142u integracyjnego, posiadaj\u0105cego orzeczenie&nbsp;&nbsp;&nbsp;&nbsp;&nbsp;&nbsp;&nbsp;&nbsp;&nbsp;&nbsp;&nbsp;&nbsp; o potrzebie kszta\u0142cenia specjalnego, nale\u017cy zg\u0142osi\u0107 bezpo\u015brednio do dyrektora przedszkola. Miejsca dla dzieci posiadaj\u0105cych orzeczenie o potrzebie kszta\u0142cenia specjalnego s\u0105 wydzielone i nie s\u0105 wykazane do rekrutacji w marcu. Obecnie, na rok szkolny 2025\/2026 nie ma miejsc w oddzia\u0142ach integracyjnych dla dzieci 4,5 i 6 letnich z orzeczeniem o potrzebie kszta\u0142cenia specjalnego.<\/p>\n\n\n\n<div class=\"wp-block-file\"><a id=\"wp-block-file--media-3b973173-b106-4e3c-a95f-a4a7f30e4ecd\" href=\"https:\/\/przedszkole182-krakow.edu.pl\/wp-content\/uploads\/2025\/02\/Rekrutacja-2025-2026.docx\">Rekrutacja-2025-2026<\/a><a href=\"https:\/\/przedszkole182-krakow.edu.pl\/wp-content\/uploads\/2025\/02\/Rekrutacja-2025-2026.docx\" class=\"wp-block-file__button wp-element-button\" download aria-describedby=\"wp-block-file--media-3b973173-b106-4e3c-a95f-a4a7f30e4ecd\">Pobierz<\/a><\/div>\n","protected":false},"excerpt":{"rendered":"<p>REKRUTACJA 2025\/2026 Rekrutacja do samorz\u0105dowych przedszkoli i oddzia\u0142\u00f3w przedszkolnych \u00a0\u00a0w szko\u0142ach podstawowych rozpocznie si\u0119 3 marca 2025 r. R\u00f3wnie\u017c 3 marca 2025 r. zostanie uruchomiony elektroniczny system rekrutacji. Szczeg\u00f3\u0142owe zasady rekrutacji oraz formularze rekrutacyjne zostan\u0105 zamieszczone w elektronicznym systemie rekrutacji. Sk\u0142adanie deklaracji o kontynuowaniu wychowania przedszkolnego przez rodzic\u00f3w dzieci ucz\u0119szczaj\u0105cych ju\u017c do przedszkola: 20-28 lutego [&hellip;]<\/p>\n","protected":false},"author":5,"featured_media":0,"comment_status":"closed","ping_status":"open","sticky":false,"template":"","format":"standard","meta":{"footnotes":""},"categories":[13],"tags":[],"class_list":["post-8929","post","type-post","status-publish","format-standard","hentry","category-rekrutacja"],"_links":{"self":[{"href":"https:\/\/przedszkole182-krakow.edu.pl\/index.php?rest_route=\/wp\/v2\/posts\/8929","targetHints":{"allow":["GET"]}}],"collection":[{"href":"https:\/\/przedszkole182-krakow.edu.pl\/index.php?rest_route=\/wp\/v2\/posts"}],"about":[{"href":"https:\/\/przedszkole182-krakow.edu.pl\/index.php?rest_route=\/wp\/v2\/types\/post"}],"author":[{"embeddable":true,"href":"https:\/\/przedszkole182-krakow.edu.pl\/index.php?rest_route=\/wp\/v2\/users\/5"}],"replies":[{"embeddable":true,"href":"https:\/\/przedszkole182-krakow.edu.pl\/index.php?rest_route=%2Fwp%2Fv2%2Fcomments&post=8929"}],"version-history":[{"count":1,"href":"https:\/\/przedszkole182-krakow.edu.pl\/index.php?rest_route=\/wp\/v2\/posts\/8929\/revisions"}],"predecessor-version":[{"id":8933,"href":"https:\/\/przedszkole182-krakow.edu.pl\/index.php?rest_route=\/wp\/v2\/posts\/8929\/revisions\/8933"}],"wp:attachment":[{"href":"https:\/\/przedszkole182-krakow.edu.pl\/index.php?rest_route=%2Fwp%2Fv2%2Fmedia&parent=8929"}],"wp:term":[{"taxonomy":"category","embeddable":true,"href":"https:\/\/przedszkole182-krakow.edu.pl\/index.php?rest_route=%2Fwp%2Fv2%2Fcategories&post=8929"},{"taxonomy":"post_tag","embeddable":true,"href":"https:\/\/przedszkole182-krakow.edu.pl\/index.php?rest_route=%2Fwp%2Fv2%2Ftags&post=8929"}],"curies":[{"name":"wp","href":"https:\/\/api.w.org\/{rel}","templated":true}]}}