{"id":8941,"date":"2025-02-20T17:45:04","date_gmt":"2025-02-20T16:45:04","guid":{"rendered":"https:\/\/przedszkole182-krakow.edu.pl\/?p=8941"},"modified":"2025-02-20T17:50:34","modified_gmt":"2025-02-20T16:50:34","slug":"dzien-otwarty-w-naszym-przedszkolu","status":"publish","type":"post","link":"https:\/\/przedszkole182-krakow.edu.pl\/?p=8941","title":{"rendered":"Dzie\u0144 otwarty w naszym Przedszkolu"},"content":{"rendered":"\n<p>Wszystkich kandydat\u00f3w do&nbsp;Samorz\u0105dowego Przedszkola nr 182 zapraszamy 3 marca 2025 r. od godz. 15.00- 17.00  do&nbsp;udzia\u0142u w&nbsp;dniu otwartym. W&nbsp;czasie wizyty w&nbsp;naszym przedszkolu mo\u017cna b\u0119dzie obejrze\u0107 sale przedszkolne, wzi\u0105\u0107 udzia\u0142 w&nbsp;zaproponowanych aktywno\u015bciach, porozmawia\u0107 z&nbsp;nauczycielkami i&nbsp;dyrekcj\u0105. Zapraszamy! Mile widziane obuwie zamienne:-)<\/p>\n\n\n\n<figure class=\"wp-block-gallery has-nested-images columns-default is-cropped wp-block-gallery-1 is-layout-flex wp-block-gallery-is-layout-flex\">\n<figure class=\"wp-block-image size-large\"><img loading=\"lazy\" decoding=\"async\" width=\"588\" height=\"252\" data-id=\"8945\" src=\"https:\/\/przedszkole182-krakow.edu.pl\/wp-content\/uploads\/2025\/02\/1.jpg\" alt=\"\" class=\"wp-image-8945\" srcset=\"https:\/\/przedszkole182-krakow.edu.pl\/wp-content\/uploads\/2025\/02\/1.jpg 588w, https:\/\/przedszkole182-krakow.edu.pl\/wp-content\/uploads\/2025\/02\/1-300x129.jpg 300w\" sizes=\"auto, (max-width: 588px) 100vw, 588px\" \/><\/figure>\n<\/figure>\n","protected":false},"excerpt":{"rendered":"<p>Wszystkich kandydat\u00f3w do&nbsp;Samorz\u0105dowego Przedszkola nr 182 zapraszamy 3 marca 2025 r. od godz. 15.00- 17.00 do&nbsp;udzia\u0142u w&nbsp;dniu otwartym. W&nbsp;czasie wizyty w&nbsp;naszym przedszkolu mo\u017cna b\u0119dzie obejrze\u0107 sale przedszkolne, wzi\u0105\u0107 udzia\u0142 w&nbsp;zaproponowanych aktywno\u015bciach, porozmawia\u0107 z&nbsp;nauczycielkami i&nbsp;dyrekcj\u0105. Zapraszamy! Mile widziane obuwie zamienne:-)<\/p>\n","protected":false},"author":5,"featured_media":0,"comment_status":"closed","ping_status":"open","sticky":false,"template":"","format":"standard","meta":{"footnotes":""},"categories":[1,13],"tags":[],"class_list":["post-8941","post","type-post","status-publish","format-standard","hentry","category-aktualnosci","category-rekrutacja"],"_links":{"self":[{"href":"https:\/\/przedszkole182-krakow.edu.pl\/index.php?rest_route=\/wp\/v2\/posts\/8941","targetHints":{"allow":["GET"]}}],"collection":[{"href":"https:\/\/przedszkole182-krakow.edu.pl\/index.php?rest_route=\/wp\/v2\/posts"}],"about":[{"href":"https:\/\/przedszkole182-krakow.edu.pl\/index.php?rest_route=\/wp\/v2\/types\/post"}],"author":[{"embeddable":true,"href":"https:\/\/przedszkole182-krakow.edu.pl\/index.php?rest_route=\/wp\/v2\/users\/5"}],"replies":[{"embeddable":true,"href":"https:\/\/przedszkole182-krakow.edu.pl\/index.php?rest_route=%2Fwp%2Fv2%2Fcomments&post=8941"}],"version-history":[{"count":2,"href":"https:\/\/przedszkole182-krakow.edu.pl\/index.php?rest_route=\/wp\/v2\/posts\/8941\/revisions"}],"predecessor-version":[{"id":8946,"href":"https:\/\/przedszkole182-krakow.edu.pl\/index.php?rest_route=\/wp\/v2\/posts\/8941\/revisions\/8946"}],"wp:attachment":[{"href":"https:\/\/przedszkole182-krakow.edu.pl\/index.php?rest_route=%2Fwp%2Fv2%2Fmedia&parent=8941"}],"wp:term":[{"taxonomy":"category","embeddable":true,"href":"https:\/\/przedszkole182-krakow.edu.pl\/index.php?rest_route=%2Fwp%2Fv2%2Fcategories&post=8941"},{"taxonomy":"post_tag","embeddable":true,"href":"https:\/\/przedszkole182-krakow.edu.pl\/index.php?rest_route=%2Fwp%2Fv2%2Ftags&post=8941"}],"curies":[{"name":"wp","href":"https:\/\/api.w.org\/{rel}","templated":true}]}}