{"id":9271,"date":"2025-03-17T16:53:18","date_gmt":"2025-03-17T15:53:18","guid":{"rendered":"https:\/\/przedszkole182-krakow.edu.pl\/?p=9271"},"modified":"2025-03-17T16:53:18","modified_gmt":"2025-03-17T15:53:18","slug":"wielkanoc-z-pck","status":"publish","type":"post","link":"https:\/\/przedszkole182-krakow.edu.pl\/?p=9271","title":{"rendered":"Wielkanoc z PCK"},"content":{"rendered":"\n<figure class=\"wp-block-image size-full\"><img loading=\"lazy\" decoding=\"async\" width=\"648\" height=\"846\" src=\"https:\/\/przedszkole182-krakow.edu.pl\/wp-content\/uploads\/2025\/03\/image-2.png\" alt=\"\" class=\"wp-image-9272\" srcset=\"https:\/\/przedszkole182-krakow.edu.pl\/wp-content\/uploads\/2025\/03\/image-2.png 648w, https:\/\/przedszkole182-krakow.edu.pl\/wp-content\/uploads\/2025\/03\/image-2-230x300.png 230w\" sizes=\"auto, (max-width: 648px) 100vw, 648px\" \/><\/figure>\n\n\n\n<p>Co zbieramy?<\/p>\n\n\n\n<p>Produkty spo\u017cywcze: m\u0105ka, cukier, olej, makaron, konserwy, d\u017cemy, s\u0142odycze, napoje, herbata, kawa, \u017curek w kartonie<\/p>\n\n\n\n<p>Kosmetyki i \u015brodki czysto\u015bci: myd\u0142o, szampon, pasta do z\u0119b\u00f3w, \u015brodki czysto\u015bci.<\/p>\n\n\n\n<p>AKACJA TRWA DO 4.04.2025<\/p>\n\n\n\n<p>KOORDYNATOR: GRUPA 2<\/p>\n","protected":false},"excerpt":{"rendered":"<p>Co zbieramy? Produkty spo\u017cywcze: m\u0105ka, cukier, olej, makaron, konserwy, d\u017cemy, s\u0142odycze, napoje, herbata, kawa, \u017curek w kartonie Kosmetyki i \u015brodki czysto\u015bci: myd\u0142o, szampon, pasta do z\u0119b\u00f3w, \u015brodki czysto\u015bci. AKACJA TRWA DO 4.04.2025 KOORDYNATOR: GRUPA 2<\/p>\n","protected":false},"author":5,"featured_media":0,"comment_status":"closed","ping_status":"open","sticky":false,"template":"","format":"standard","meta":{"footnotes":""},"categories":[1],"tags":[],"class_list":["post-9271","post","type-post","status-publish","format-standard","hentry","category-aktualnosci"],"_links":{"self":[{"href":"https:\/\/przedszkole182-krakow.edu.pl\/index.php?rest_route=\/wp\/v2\/posts\/9271","targetHints":{"allow":["GET"]}}],"collection":[{"href":"https:\/\/przedszkole182-krakow.edu.pl\/index.php?rest_route=\/wp\/v2\/posts"}],"about":[{"href":"https:\/\/przedszkole182-krakow.edu.pl\/index.php?rest_route=\/wp\/v2\/types\/post"}],"author":[{"embeddable":true,"href":"https:\/\/przedszkole182-krakow.edu.pl\/index.php?rest_route=\/wp\/v2\/users\/5"}],"replies":[{"embeddable":true,"href":"https:\/\/przedszkole182-krakow.edu.pl\/index.php?rest_route=%2Fwp%2Fv2%2Fcomments&post=9271"}],"version-history":[{"count":1,"href":"https:\/\/przedszkole182-krakow.edu.pl\/index.php?rest_route=\/wp\/v2\/posts\/9271\/revisions"}],"predecessor-version":[{"id":9273,"href":"https:\/\/przedszkole182-krakow.edu.pl\/index.php?rest_route=\/wp\/v2\/posts\/9271\/revisions\/9273"}],"wp:attachment":[{"href":"https:\/\/przedszkole182-krakow.edu.pl\/index.php?rest_route=%2Fwp%2Fv2%2Fmedia&parent=9271"}],"wp:term":[{"taxonomy":"category","embeddable":true,"href":"https:\/\/przedszkole182-krakow.edu.pl\/index.php?rest_route=%2Fwp%2Fv2%2Fcategories&post=9271"},{"taxonomy":"post_tag","embeddable":true,"href":"https:\/\/przedszkole182-krakow.edu.pl\/index.php?rest_route=%2Fwp%2Fv2%2Ftags&post=9271"}],"curies":[{"name":"wp","href":"https:\/\/api.w.org\/{rel}","templated":true}]}}